{"id":6235,"date":"2011-03-27T23:35:21","date_gmt":"2011-03-28T02:35:21","guid":{"rendered":"http:\/\/www.locoxelrojo.com.ar\/independiente\/?p=6235"},"modified":"2011-03-27T23:35:21","modified_gmt":"2011-03-28T02:35:21","slug":"luis-chiaradia-confirmo-el-desgarro-de-cabrera","status":"publish","type":"post","link":"https:\/\/www.locoxelrojo.com\/independiente\/2011\/03\/27\/luis-chiaradia-confirmo-el-desgarro-de-cabrera\/","title":{"rendered":"Luis Chiarad\u00eda confirm\u00f3 el desgarro de Cabrera"},"content":{"rendered":"<p><a href=\"http:\/\/www.locoxelrojo.com.ar\/independiente\/wp-content\/uploads\/2011\/03\/char.jpg\"><img loading=\"lazy\" class=\"alignnone size-full wp-image-6238\" title=\"char\" src=\"http:\/\/www.locoxelrojo.com.ar\/independiente\/wp-content\/uploads\/2011\/03\/char.jpg\" alt=\"\" width=\"590\" height=\"315\" srcset=\"https:\/\/locoxelrojo.com\/independiente\/wp-content\/uploads\/2011\/03\/char.jpg 590w, https:\/\/locoxelrojo.com\/independiente\/wp-content\/uploads\/2011\/03\/char-300x160.jpg 300w\" sizes=\"(max-width: 590px) 100vw, 590px\" \/><\/a><\/p>\n<p>El m\u00e9dico de Independiente dialog\u00f3 con<strong> Independiente de Am\u00e9rica, domingos de 22 a 24 por Radio el Mundo<\/strong> <strong>AM 1070<\/strong> y confirm\u00f3 el desgarro de Nicol\u00e1s Cabrera a pesar de que ma\u00f1ana se har\u00e1 los estudios m\u00e9dicos. Adem\u00e1s, asegur\u00f3 que frente a Gimnasia podr\u00e1 estar Leandro Graci\u00e1n. La avispa volver\u00e1 frente a Liga de Quito el pr\u00f3ximo martes.Por otro lado, asegur\u00f3 que Walter Busse ya est\u00e1 para jugar de titular.<\/p>\n<p>En cuanto a Hilario Navarro, Chiarad\u00eda explic\u00f3 que <strong>&#8220;tuvo un traumatismo en la cabeza del perone de la pierna derecha que le producia un dolor en la cara externa de la pierna y le imped\u00eda jugar&#8221;<\/strong>. En el partido de hoy, otro de los lesionados fue Nicol\u00e1s Cabrera. Lamentablemente, se sumar\u00eda a la lista de desgarrados a pesar de que ma\u00f1ana se har\u00e1 los estudios. Ser\u00eda &#8220;<strong>un probable desgarro en el isquiotibial de la cara superior del muslo &#8211;<\/strong>debido al modo en el que se par\u00f3 en la jugada y la sintomatolog\u00eda es casi seguro<strong>-&#8220;.<\/strong><\/p>\n<p>El m\u00e9dico neg\u00f3 que los desgarros sean por cuestiones de nervios.<strong> &#8220;La sucesi\u00f3n de partidos y las dos competencias son las causas de los desgarros. El jugador sabe cuando est\u00e1 sobrecargado en la parte muscular y se da cuenta. Se lo trata, se le da medicaci\u00f3n y ejercicios de elongaci\u00f3n&#8221;<\/strong>. Tambi\u00e9n agreg\u00f3 que<strong> &#8220;no le doy tanta importancia a lo psicol\u00f3gico, no creo que un jugador entre a la cancha pensando que se va a desgarrar. Es producto del esfuerzo y la seguidilla de partidos.Si uno no juega al l\u00edmite en el f\u00fatbol de hoy uno no puede jugar&#8221;.<\/strong><\/p>\n<p>Otro dato importante que aport\u00f3 el doctor fue acerca del presente de Walter Buse -hoy pudimos ver muy buenos 90 minutos del salte\u00f1o a pesar del mal rendimiento que tuvo la reserva-.\u00a0 <strong>&#8220;Busse tuvo una fractura expuesta tercio medio de tibia con exposici\u00f3n anterior de 5 mil\u00edmetros. La lesion del ramo nervioso sensitivo fue producto del mecanismo de la lesi\u00f3n. Se le puso un clavo que no abre el foco de la fractura, se perfora el cuello y se entra por el canal medular, hay 25 cm de diferencia&#8221;<\/strong>, critic\u00f3 a quienes consideraron que no iba a poder volver a jugar al f\u00fatbol. Y luego agreg\u00f3:<strong> &#8220;Hoy jug\u00f3 los 90 minutos y est\u00e1 cada vez mejor f\u00edsicamente, si el t\u00e9cnico lo dispone est\u00e1 para jugar en primera&#8221;.<\/strong><\/p>\n<p>Por \u00faltimo record\u00f3 que Ignacio Barcia tuvo un <strong>&#8220;traumatismo fuert\u00edsimo en la cara interna de la tibia con  esguince de tobillo ,edema y hematoma pero est\u00e1 evolucionando  bien y con trabajos de campo&#8221;.<\/strong><\/p>\n","protected":false},"excerpt":{"rendered":"<p>El m\u00e9dico de Independiente dialog\u00f3 con Independiente de Am\u00e9rica, domingos de 22 a 24 por Radio el Mundo AM 1070 y confirm\u00f3 el desgarro de Nicol\u00e1s Cabrera a pesar de que ma\u00f1ana se har\u00e1 los estudios m\u00e9dicos. Adem\u00e1s, asegur\u00f3 que frente a Gimnasia podr\u00e1 estar Leandro Graci\u00e1n. La avispa volver\u00e1 frente a Liga de Quito [&hellip;]<\/p>\n","protected":false},"author":1,"featured_media":0,"comment_status":"open","ping_status":"open","sticky":false,"template":"","format":"standard","meta":{"_links_to":"","_links_to_target":""},"categories":[3,1],"tags":[153,122,630,32,334,154,28],"_links":{"self":[{"href":"https:\/\/www.locoxelrojo.com\/independiente\/wp-json\/wp\/v2\/posts\/6235"}],"collection":[{"href":"https:\/\/www.locoxelrojo.com\/independiente\/wp-json\/wp\/v2\/posts"}],"about":[{"href":"https:\/\/www.locoxelrojo.com\/independiente\/wp-json\/wp\/v2\/types\/post"}],"author":[{"embeddable":true,"href":"https:\/\/www.locoxelrojo.com\/independiente\/wp-json\/wp\/v2\/users\/1"}],"replies":[{"embeddable":true,"href":"https:\/\/www.locoxelrojo.com\/independiente\/wp-json\/wp\/v2\/comments?post=6235"}],"version-history":[{"count":0,"href":"https:\/\/www.locoxelrojo.com\/independiente\/wp-json\/wp\/v2\/posts\/6235\/revisions"}],"wp:attachment":[{"href":"https:\/\/www.locoxelrojo.com\/independiente\/wp-json\/wp\/v2\/media?parent=6235"}],"wp:term":[{"taxonomy":"category","embeddable":true,"href":"https:\/\/www.locoxelrojo.com\/independiente\/wp-json\/wp\/v2\/categories?post=6235"},{"taxonomy":"post_tag","embeddable":true,"href":"https:\/\/www.locoxelrojo.com\/independiente\/wp-json\/wp\/v2\/tags?post=6235"}],"curies":[{"name":"wp","href":"https:\/\/api.w.org\/{rel}","templated":true}]}}