{"id":62454,"date":"2016-01-20T20:17:47","date_gmt":"2016-01-20T23:17:47","guid":{"rendered":"http:\/\/www.locoxelrojo.com\/independiente\/?p=62454"},"modified":"2016-01-20T20:17:47","modified_gmt":"2016-01-20T23:17:47","slug":"gabriel-arce-firmo-en-gimnasia-de-jujuy-y-ya-se-fueron-22","status":"publish","type":"post","link":"https:\/\/www.locoxelrojo.com\/independiente\/2016\/01\/20\/gabriel-arce-firmo-en-gimnasia-de-jujuy-y-ya-se-fueron-22\/","title":{"rendered":"Gabriel Arce firm\u00f3 en Gimnasia de Jujuy y ya se fueron 22"},"content":{"rendered":"<p>Mientras en Independiente esperan las firmas de Leandro Fern\u00e1ndez y Emiliano Rigoni -entrenan desde la semana pasada con el plantel-, <strong>el \u00e9xodo de jugadores en este receso sigue creciendo. Gabriel Arce firm\u00f3 a pr\u00e9stamo por 18 meses en Gimnasia de Jujuy y es la salida oficial n\u00famero 22 en este mercado de pases.<\/strong><\/p>\n<p><strong>El delantero mendocino de 20 a\u00f1os firm\u00f3 su primer contrato hace pocos d\u00edas en Independiente y fue prestado al &#8220;Lobo&#8221; juje\u00f1o por 18 meses sin cargo y con opci\u00f3n de compra.<\/strong> Tras entrenar varios d\u00edas en Jujuy con el plantel de su nuevo equipo,<strong> finalmente estamp\u00f3 la firma.\u00a0<\/strong><\/p>\n<p><span style=\"text-decoration: underline;\"><strong>Los que ya se fueron oficialmente<\/strong><\/span><\/p>\n<ol>\n<li>Facundo Onraita \u2013 Rescindi\u00f3<\/li>\n<li>Federico Real \u2013 Rescindi\u00f3<\/li>\n<li>Nicol\u00e1s Figal \u2013 Pr\u00e9stamo por 18 meses a Olimpo sin cargo y sin opci\u00f3n<\/li>\n<li>Javier B\u00e1ez \u2013 Rescindi\u00f3<\/li>\n<li>Federico Gay \u2013 Rescindi\u00f3<\/li>\n<li>Francisco Pizzini \u2013 Pr\u00e9stamo por 18 meses a Olimpo sin cargo y sin opci\u00f3n<\/li>\n<li>Lucas Villalba \u2013 Pr\u00e9stamo por 18 meses a Atl\u00e9tico Tucum\u00e1n sin cargo y sin\u00a0opci\u00f3n<\/li>\n<li>Walter Busse \u2013 Libre<\/li>\n<li>Germ\u00e1n Montoya \u2013 Libre<\/li>\n<li>Jorge Pereyra D\u00edaz \u2013 Volvi\u00f3 de su pr\u00e9stamo a Malasia<\/li>\n<li>Mauricio Victorino \u2013 Libre<\/li>\n<li>Leonel Buter \u2013 Rescindi\u00f3<\/li>\n<li>Alexis Z\u00e1rate \u2013 Pr\u00e9stamo por 18 meses a Temperley, sin cargo y con\u00a0opci\u00f3n de 750.000 d\u00f3lares por el 50%<\/li>\n<li>Adri\u00e1n Fern\u00e1ndez \u2013 Libre<\/li>\n<li>Christian Ort\u00edz \u2013 Pr\u00e9stamo por un a\u00f1o sin cargo y sin opci\u00f3n a Club Deportivo Universidad de San Mart\u00edn de Porres (Per\u00fa)<\/li>\n<li>Sergio Ojeda \u2013 Pr\u00e9stamo por 18 meses con cargo y con opci\u00f3n a Gimnasia de Jujuy<\/li>\n<li>Franco Bellocq \u2013 Pr\u00e9stamo por 18 meses sin cargo y sin opci\u00f3n a Arsenal<\/li>\n<li>Mat\u00edas Pisano \u2013 Venta del 50% a Cruzeiro en 900.000 d\u00f3lares m\u00e1s la cancelaci\u00f3n de la deuda de 680.000 d\u00f3lares por Ernesto Far\u00edas<\/li>\n<li>Patricio Vidal \u2013 Pr\u00e9stamo por 6 meses con cargo a Uni\u00f3n La Calera de Chile (al terminar el v\u00ednculo, quedar\u00e1 libre de Independiente)<\/li>\n<li>Marcelo Vidal \u2013 Rescindi\u00f3<\/li>\n<li>Federico Mancuello \u2013 Venta del 90% a Flamengo en 3.000.000 de d\u00f3lares<\/li>\n<li>Gabriel Arce &#8211; Pr\u00e9stamo por 18 meses sin cargo y con opci\u00f3n a Gimnasia de Jujuy<\/li>\n<\/ol>\n<p>&nbsp;<\/p>\n<p>&nbsp;<\/p>\n","protected":false},"excerpt":{"rendered":"<p>Mientras en Independiente esperan las firmas de Leandro Fern\u00e1ndez y Emiliano Rigoni -entrenan desde la semana pasada con el plantel-, el \u00e9xodo de jugadores en este receso sigue creciendo. Gabriel Arce firm\u00f3 a pr\u00e9stamo por 18 meses en Gimnasia de Jujuy y es la salida oficial n\u00famero 22 en este mercado de pases. El delantero [&hellip;]<\/p>\n","protected":false},"author":1,"featured_media":62455,"comment_status":"open","ping_status":"closed","sticky":false,"template":"","format":"standard","meta":{"_links_to":"","_links_to_target":""},"categories":[3,1],"tags":[153,3133,2405],"_links":{"self":[{"href":"https:\/\/www.locoxelrojo.com\/independiente\/wp-json\/wp\/v2\/posts\/62454"}],"collection":[{"href":"https:\/\/www.locoxelrojo.com\/independiente\/wp-json\/wp\/v2\/posts"}],"about":[{"href":"https:\/\/www.locoxelrojo.com\/independiente\/wp-json\/wp\/v2\/types\/post"}],"author":[{"embeddable":true,"href":"https:\/\/www.locoxelrojo.com\/independiente\/wp-json\/wp\/v2\/users\/1"}],"replies":[{"embeddable":true,"href":"https:\/\/www.locoxelrojo.com\/independiente\/wp-json\/wp\/v2\/comments?post=62454"}],"version-history":[{"count":0,"href":"https:\/\/www.locoxelrojo.com\/independiente\/wp-json\/wp\/v2\/posts\/62454\/revisions"}],"wp:featuredmedia":[{"embeddable":true,"href":"https:\/\/www.locoxelrojo.com\/independiente\/wp-json\/wp\/v2\/media\/62455"}],"wp:attachment":[{"href":"https:\/\/www.locoxelrojo.com\/independiente\/wp-json\/wp\/v2\/media?parent=62454"}],"wp:term":[{"taxonomy":"category","embeddable":true,"href":"https:\/\/www.locoxelrojo.com\/independiente\/wp-json\/wp\/v2\/categories?post=62454"},{"taxonomy":"post_tag","embeddable":true,"href":"https:\/\/www.locoxelrojo.com\/independiente\/wp-json\/wp\/v2\/tags?post=62454"}],"curies":[{"name":"wp","href":"https:\/\/api.w.org\/{rel}","templated":true}]}}