{"id":62457,"date":"2016-01-21T13:43:37","date_gmt":"2016-01-21T16:43:37","guid":{"rendered":"http:\/\/www.locoxelrojo.com\/independiente\/?p=62457"},"modified":"2016-01-21T13:53:59","modified_gmt":"2016-01-21T16:53:59","slug":"de-felippe-no-fue-facil-irme-de-independiente","status":"publish","type":"post","link":"https:\/\/www.locoxelrojo.com\/independiente\/2016\/01\/21\/de-felippe-no-fue-facil-irme-de-independiente\/","title":{"rendered":"De Felippe: &#8220;No fue f\u00e1cil irme de Independiente&#8221;"},"content":{"rendered":"<p><strong>Omar De Felippe se encuentra haciendo la pretemporada en Argentina con Emelec, club ecuatoriano que dirige. En su breve estad\u00eda en el pa\u00eds, record\u00f3 su paso por Independiente y habl\u00f3 ir\u00f3nicamente sobre su salida. Adem\u00e1s, agradeci\u00f3 el cari\u00f1o constante que recibe de los hinchas.<\/strong><\/p>\n<p><strong>\u201cEstoy contento con ver al club bien, incorporando muy bien. Est\u00e1n trabajando muy bien en los libros de pases&#8221;<\/strong>, mencion\u00f3 el ext\u00e9cnico en di\u00e1logo con Fox Sports. Cabe recordar que <strong>De Felippe dej\u00f3 Independiente por la falta de refuerzos a pocos d\u00edas de la asunci\u00f3n de Hugo Moyano. D\u00edas despu\u00e9s, ya con Jorge Almir\u00f3n en el club, comenz\u00f3\u00a0el arribo de nuevos jugadores.<\/strong><\/p>\n<p><strong>\u201cEn el club hubo elecciones, gan\u00f3 Hugo Moyano y ten\u00edamos claro que ellos ten\u00edan la potestad de elegir al entrenador. No fue f\u00e1cil irme de Independiente, porque nos toc\u00f3 sufrir mucho y lograr el ascenso. Decir que te vas no es f\u00e1cil, pero creo que es la mejor decisi\u00f3n que pudimos tomar en ese momento\u201d<\/strong>, describi\u00f3.<\/p>\n<p>Para finalizar, agradeci\u00f3 el reconocimiento de los hinchas y las muestras de afecto: <strong>&#8220;El cari\u00f1o de la gente es muy lindo. Desde hace mucho tiempo, cada vez que me cruzo con alguien de Independiente me transmiten mucho cari\u00f1o\u201d<\/strong>.<\/p>\n","protected":false},"excerpt":{"rendered":"<p>Omar De Felippe se encuentra haciendo la pretemporada en Argentina con Emelec, club ecuatoriano que dirige. En su breve estad\u00eda en el pa\u00eds, record\u00f3 su paso por Independiente y habl\u00f3 ir\u00f3nicamente sobre su salida. Adem\u00e1s, agradeci\u00f3 el cari\u00f1o constante que recibe de los hinchas. \u201cEstoy contento con ver al club bien, incorporando muy bien. Est\u00e1n [&hellip;]<\/p>\n","protected":false},"author":1,"featured_media":62458,"comment_status":"open","ping_status":"closed","sticky":false,"template":"","format":"standard","meta":{"_links_to":"","_links_to_target":""},"categories":[1],"tags":[153,2032],"_links":{"self":[{"href":"https:\/\/www.locoxelrojo.com\/independiente\/wp-json\/wp\/v2\/posts\/62457"}],"collection":[{"href":"https:\/\/www.locoxelrojo.com\/independiente\/wp-json\/wp\/v2\/posts"}],"about":[{"href":"https:\/\/www.locoxelrojo.com\/independiente\/wp-json\/wp\/v2\/types\/post"}],"author":[{"embeddable":true,"href":"https:\/\/www.locoxelrojo.com\/independiente\/wp-json\/wp\/v2\/users\/1"}],"replies":[{"embeddable":true,"href":"https:\/\/www.locoxelrojo.com\/independiente\/wp-json\/wp\/v2\/comments?post=62457"}],"version-history":[{"count":0,"href":"https:\/\/www.locoxelrojo.com\/independiente\/wp-json\/wp\/v2\/posts\/62457\/revisions"}],"wp:featuredmedia":[{"embeddable":true,"href":"https:\/\/www.locoxelrojo.com\/independiente\/wp-json\/wp\/v2\/media\/62458"}],"wp:attachment":[{"href":"https:\/\/www.locoxelrojo.com\/independiente\/wp-json\/wp\/v2\/media?parent=62457"}],"wp:term":[{"taxonomy":"category","embeddable":true,"href":"https:\/\/www.locoxelrojo.com\/independiente\/wp-json\/wp\/v2\/categories?post=62457"},{"taxonomy":"post_tag","embeddable":true,"href":"https:\/\/www.locoxelrojo.com\/independiente\/wp-json\/wp\/v2\/tags?post=62457"}],"curies":[{"name":"wp","href":"https:\/\/api.w.org\/{rel}","templated":true}]}}