{"id":6265,"date":"2011-03-28T13:10:39","date_gmt":"2011-03-28T16:10:39","guid":{"rendered":"http:\/\/www.locoxelrojo.com.ar\/independiente\/?p=6265"},"modified":"2011-03-28T13:10:39","modified_gmt":"2011-03-28T16:10:39","slug":"regenerados","status":"publish","type":"post","link":"https:\/\/www.locoxelrojo.com\/independiente\/2011\/03\/28\/regenerados\/","title":{"rendered":"Regenerados"},"content":{"rendered":"<p><a href=\"http:\/\/www.locoxelrojo.com.ar\/independiente\/wp-content\/uploads\/2011\/03\/entrenamiento14.jpg\"><img loading=\"lazy\" class=\"alignnone size-full wp-image-6266\" title=\"entrenamiento\" src=\"http:\/\/www.locoxelrojo.com.ar\/independiente\/wp-content\/uploads\/2011\/03\/entrenamiento14.jpg\" alt=\"\" width=\"590\" height=\"315\" srcset=\"https:\/\/locoxelrojo.com\/independiente\/wp-content\/uploads\/2011\/03\/entrenamiento14.jpg 590w, https:\/\/locoxelrojo.com\/independiente\/wp-content\/uploads\/2011\/03\/entrenamiento14-300x160.jpg 300w\" sizes=\"(max-width: 590px) 100vw, 590px\" \/><\/a><\/p>\n<p>Independiente no tuvo d\u00eda libre y pasadas las 8 de la ma\u00f1ana los jugadores del plantel profesional comenzaron a llegar a Villa Dom\u00ednico. Luego de las 9 horas hubo trabajos regenerativos con trotes para los titulares y luego elongaci\u00f3n. Mientras tanto, Mohamed dispuso que los suplentes hicieran trabajos de control de pelota teniendo en cuenta la imprecisi\u00f3n de Independiente de mitad de cancha hacia adelante.<\/p>\n<p>El doctor Chiarad\u00eda volvi\u00f3 a confirmar lo que inform\u00f3 ayer por la noche en Independiente de Am\u00e9rica. Nicol\u00e1s Cabrera, lamentablemente estar\u00e1 no menos de un mes afuera de las canchas por su desgarro en el isquiotibial derecho. Por otro lado, Hilario Navarro padece un traumatismo de la cabeza del peron\u00e9 y es duda frente a Gimnasia La plata.<\/p>\n<p>El resto tambi\u00e9n te lo informamos ayer por la ma\u00f1ana; Jairo, Barcia y Maxi Vel\u00e1zquez ya se mueven a la par de sus compa\u00f1eros y Mohamed podr\u00e1 tenerlos en cuenta para cuando disponga trabajos de f\u00fatbol desde esta semana. Por \u00faltimo, Leandro Gracian hizo kinesionolog\u00eda junto a Gabriel de Brasi al igual que el domingo por la ma\u00f1ana. Busca terminar de recuperarse de su contractura para poder jugar frente a Gimnasia La Plata.<\/p>\n<p>El Rojo volver\u00e1 a los entrenamientos ma\u00f1ana por la ma\u00f1ana y Mohamed har\u00e1 trabajos t\u00e1cticos. El mi\u00e9rcoles veremos los primeros indicios del equipo que enfrentar\u00e1 a Gimnasia el viernes a las 19 horas en el Bosque.<\/p>\n","protected":false},"excerpt":{"rendered":"<p>Independiente no tuvo d\u00eda libre y pasadas las 8 de la ma\u00f1ana los jugadores del plantel profesional comenzaron a llegar a Villa Dom\u00ednico. Luego de las 9 horas hubo trabajos regenerativos con trotes para los titulares y luego elongaci\u00f3n. Mientras tanto, Mohamed dispuso que los suplentes hicieran trabajos de control de pelota teniendo en cuenta [&hellip;]<\/p>\n","protected":false},"author":1,"featured_media":0,"comment_status":"open","ping_status":"open","sticky":false,"template":"","format":"standard","meta":{"_links_to":"","_links_to_target":""},"categories":[3,1],"tags":[153,714,483,76,122,32,38,154,108],"_links":{"self":[{"href":"https:\/\/www.locoxelrojo.com\/independiente\/wp-json\/wp\/v2\/posts\/6265"}],"collection":[{"href":"https:\/\/www.locoxelrojo.com\/independiente\/wp-json\/wp\/v2\/posts"}],"about":[{"href":"https:\/\/www.locoxelrojo.com\/independiente\/wp-json\/wp\/v2\/types\/post"}],"author":[{"embeddable":true,"href":"https:\/\/www.locoxelrojo.com\/independiente\/wp-json\/wp\/v2\/users\/1"}],"replies":[{"embeddable":true,"href":"https:\/\/www.locoxelrojo.com\/independiente\/wp-json\/wp\/v2\/comments?post=6265"}],"version-history":[{"count":0,"href":"https:\/\/www.locoxelrojo.com\/independiente\/wp-json\/wp\/v2\/posts\/6265\/revisions"}],"wp:attachment":[{"href":"https:\/\/www.locoxelrojo.com\/independiente\/wp-json\/wp\/v2\/media?parent=6265"}],"wp:term":[{"taxonomy":"category","embeddable":true,"href":"https:\/\/www.locoxelrojo.com\/independiente\/wp-json\/wp\/v2\/categories?post=6265"},{"taxonomy":"post_tag","embeddable":true,"href":"https:\/\/www.locoxelrojo.com\/independiente\/wp-json\/wp\/v2\/tags?post=6265"}],"curies":[{"name":"wp","href":"https:\/\/api.w.org\/{rel}","templated":true}]}}