{"id":62957,"date":"2016-02-11T14:35:55","date_gmt":"2016-02-11T17:35:55","guid":{"rendered":"http:\/\/www.locoxelrojo.com\/independiente\/?p=62957"},"modified":"2016-02-11T14:35:55","modified_gmt":"2016-02-11T17:35:55","slug":"concentrados-vs-godoy-cruz-seis-vueltas-importantes","status":"publish","type":"post","link":"https:\/\/www.locoxelrojo.com\/independiente\/2016\/02\/11\/concentrados-vs-godoy-cruz-seis-vueltas-importantes\/","title":{"rendered":"Concentrados vs. Godoy Cruz: seis vueltas importantes"},"content":{"rendered":"<p>Este mediod\u00eda se dio a conocer la lista de 21 jugadores que viajar\u00e1n a Mendoza para enfrentar a Godoy Cruz ma\u00f1ana a las 21:15 por la segunda fecha del torneo. <strong>Se destacan las vueltas de Mart\u00edn Ben\u00edtez, Jes\u00fas M\u00e9ndez, Jorge Ortiz, Leandro Fern\u00e1ndez, Diego Vera y Hern\u00e1n Pellerano.<\/strong><\/p>\n<p>Mauricio Pellegrino tendr\u00e1 a disposici\u00f3n a seis jugadores clave para el equipo. <strong>Ben\u00edtez, M\u00e9ndez, Ortiz y Fern\u00e1ndez aparecen tras cumplir sus respectivas suspensiones. Adem\u00e1s, Pellerano vuelve luego de recuperarse de su cuadro febril, mientras que Vera concentra tras m\u00e1s de dos meses.<\/strong><\/p>\n<p>En cuanto a la lista anterior, <strong>quedaron afuera N\u00e9stor Breitenbruch, Cristian Rodr\u00edguez -desgarrado-, Ezequiel Vidal y Juan Mart\u00edn Lucero -vendido a Malasia-. De los 21 que van a Mendoza, tres quedar\u00e1n afuera del banco.<\/strong><\/p>\n<p><strong><span style=\"text-decoration: underline;\">La lista<\/span><\/strong><\/p>\n<p><strong>Arqueros:<\/strong>\u00a0Diego Rodr\u00edguez, Mart\u00edn Campa\u00f1a.<\/p>\n<p><strong>Defensores:<\/strong>\u00a0Gustavo Toledo, Hern\u00e1n Pellerano, Emanuel Aguilera, V\u00edctor Cuesta, Nicol\u00e1s Tagliafico, Rodrigo Moreira.<\/p>\n<p><strong>Volantes:<\/strong>\u00a0Jes\u00fas M\u00e9ndez, Jorge Ortiz, Diego Rodr\u00edguez Berrini, Claudio Aquino, Emiliano Rigoni, Rodrigo G\u00f3mez, Juan Manuel Trejo, Sa\u00fal Nelle, Juli\u00e1n Vitale.<\/p>\n<p><strong>Delanteros:<\/strong>\u00a0Germ\u00e1n Denis,\u00a0Mart\u00edn Ben\u00edtez, Leandro Fern\u00e1ndez y Diego Vera.<\/p>\n","protected":false},"excerpt":{"rendered":"<p>Este mediod\u00eda se dio a conocer la lista de 21 jugadores que viajar\u00e1n a Mendoza para enfrentar a Godoy Cruz ma\u00f1ana a las 21:15 por la segunda fecha del torneo. Se destacan las vueltas de Mart\u00edn Ben\u00edtez, Jes\u00fas M\u00e9ndez, Jorge Ortiz, Leandro Fern\u00e1ndez, Diego Vera y Hern\u00e1n Pellerano. Mauricio Pellegrino tendr\u00e1 a disposici\u00f3n a seis [&hellip;]<\/p>\n","protected":false},"author":11,"featured_media":62786,"comment_status":"open","ping_status":"closed","sticky":false,"template":"","format":"standard","meta":{"_links_to":"","_links_to_target":""},"categories":[3,1],"tags":[153,3033,3121],"_links":{"self":[{"href":"https:\/\/www.locoxelrojo.com\/independiente\/wp-json\/wp\/v2\/posts\/62957"}],"collection":[{"href":"https:\/\/www.locoxelrojo.com\/independiente\/wp-json\/wp\/v2\/posts"}],"about":[{"href":"https:\/\/www.locoxelrojo.com\/independiente\/wp-json\/wp\/v2\/types\/post"}],"author":[{"embeddable":true,"href":"https:\/\/www.locoxelrojo.com\/independiente\/wp-json\/wp\/v2\/users\/11"}],"replies":[{"embeddable":true,"href":"https:\/\/www.locoxelrojo.com\/independiente\/wp-json\/wp\/v2\/comments?post=62957"}],"version-history":[{"count":0,"href":"https:\/\/www.locoxelrojo.com\/independiente\/wp-json\/wp\/v2\/posts\/62957\/revisions"}],"wp:featuredmedia":[{"embeddable":true,"href":"https:\/\/www.locoxelrojo.com\/independiente\/wp-json\/wp\/v2\/media\/62786"}],"wp:attachment":[{"href":"https:\/\/www.locoxelrojo.com\/independiente\/wp-json\/wp\/v2\/media?parent=62957"}],"wp:term":[{"taxonomy":"category","embeddable":true,"href":"https:\/\/www.locoxelrojo.com\/independiente\/wp-json\/wp\/v2\/categories?post=62957"},{"taxonomy":"post_tag","embeddable":true,"href":"https:\/\/www.locoxelrojo.com\/independiente\/wp-json\/wp\/v2\/tags?post=62957"}],"curies":[{"name":"wp","href":"https:\/\/api.w.org\/{rel}","templated":true}]}}