{"id":63387,"date":"2016-02-28T19:50:41","date_gmt":"2016-02-28T22:50:41","guid":{"rendered":"http:\/\/www.locoxelrojo.com\/independiente\/?p=63387"},"modified":"2016-02-28T20:12:29","modified_gmt":"2016-02-28T23:12:29","slug":"concentrados-vs-river-vuelve-el-cebolla","status":"publish","type":"post","link":"https:\/\/www.locoxelrojo.com\/independiente\/2016\/02\/28\/concentrados-vs-river-vuelve-el-cebolla\/","title":{"rendered":"Concentrados vs. River: vuelve el Cebolla"},"content":{"rendered":"<p>Mauricio Pellegrino dio a conocer la lista de 20 concentrados para el cl\u00e1sico ante Racing. <strong>Hubo dos regresos y una salida respecto de los citados contra Racing.<\/strong><\/p>\n<p><strong>El entrenador volvi\u00f3 a convocar a Cristian Rodr\u00edguez<\/strong>, quien se perdi\u00f3 los \u00faltimos tres partidos por un desgarro y trabaj\u00f3 toda la semana en doble turno para ganarse un lugar entre los concentrados.<\/p>\n<p><strong>Otro que reapareci\u00f3 en la lista fue Juli\u00e1n Vitale<\/strong>, mientras que el juvenil<strong> Sa\u00fal Nelle -jug\u00f3 en Reserva- se qued\u00f3 afuera<\/strong>.<\/p>\n<p>&nbsp;<\/p>\n<p><span style=\"text-decoration: underline;\"><strong>Los 20 concentrados ante River<br \/>\n<\/strong><\/span><\/p>\n<p><strong>Arqueros:<\/strong> Diego Rodr\u00edguez y Mart\u00edn Campa\u00f1a.<\/p>\n<p><strong>Defensores:<\/strong> Gustavo Toledo, Nicol\u00e1s Tagliafico, Hern\u00e1n Pellerano, V\u00edctor Cuesta y Emanuel Aguilera.<\/p>\n<p><strong>Mediocampistas:<\/strong> Jorge Ortiz, Jes\u00fas M\u00e9ndez, Claudio Aquino, Emiliano Rigoni, Diego Rodr\u00edguez Berrini, Cristian Rodr\u00edguez, Rodrigo G\u00f3mez, Juan Manuel Trejo y Juli\u00e1n Vitale.<\/p>\n<p><strong>Delanteros:<\/strong> Diego Vera, Germ\u00e1n Denis, Leandro Fern\u00e1ndez y Mart\u00edn Ben\u00edtez.<\/p>\n<p>&nbsp;<\/p>\n","protected":false},"excerpt":{"rendered":"<p>Mauricio Pellegrino dio a conocer la lista de 20 concentrados para el cl\u00e1sico ante Racing. Hubo dos regresos y una salida respecto de los citados contra Racing. El entrenador volvi\u00f3 a convocar a Cristian Rodr\u00edguez, quien se perdi\u00f3 los \u00faltimos tres partidos por un desgarro y trabaj\u00f3 toda la semana en doble turno para ganarse [&hellip;]<\/p>\n","protected":false},"author":8,"featured_media":63390,"comment_status":"open","ping_status":"closed","sticky":false,"template":"","format":"standard","meta":{"_links_to":"","_links_to_target":""},"categories":[3,1],"tags":[2786,2979,2867,1319],"_links":{"self":[{"href":"https:\/\/www.locoxelrojo.com\/independiente\/wp-json\/wp\/v2\/posts\/63387"}],"collection":[{"href":"https:\/\/www.locoxelrojo.com\/independiente\/wp-json\/wp\/v2\/posts"}],"about":[{"href":"https:\/\/www.locoxelrojo.com\/independiente\/wp-json\/wp\/v2\/types\/post"}],"author":[{"embeddable":true,"href":"https:\/\/www.locoxelrojo.com\/independiente\/wp-json\/wp\/v2\/users\/8"}],"replies":[{"embeddable":true,"href":"https:\/\/www.locoxelrojo.com\/independiente\/wp-json\/wp\/v2\/comments?post=63387"}],"version-history":[{"count":0,"href":"https:\/\/www.locoxelrojo.com\/independiente\/wp-json\/wp\/v2\/posts\/63387\/revisions"}],"wp:featuredmedia":[{"embeddable":true,"href":"https:\/\/www.locoxelrojo.com\/independiente\/wp-json\/wp\/v2\/media\/63390"}],"wp:attachment":[{"href":"https:\/\/www.locoxelrojo.com\/independiente\/wp-json\/wp\/v2\/media?parent=63387"}],"wp:term":[{"taxonomy":"category","embeddable":true,"href":"https:\/\/www.locoxelrojo.com\/independiente\/wp-json\/wp\/v2\/categories?post=63387"},{"taxonomy":"post_tag","embeddable":true,"href":"https:\/\/www.locoxelrojo.com\/independiente\/wp-json\/wp\/v2\/tags?post=63387"}],"curies":[{"name":"wp","href":"https:\/\/api.w.org\/{rel}","templated":true}]}}