{"id":63394,"date":"2016-02-28T19:00:32","date_gmt":"2016-02-28T22:00:32","guid":{"rendered":"http:\/\/www.locoxelrojo.com\/independiente\/?p=63394"},"modified":"2016-03-21T01:43:24","modified_gmt":"2016-03-21T04:43:24","slug":"la-reserva-volvio-a-empatar-3","status":"publish","type":"post","link":"https:\/\/www.locoxelrojo.com\/independiente\/2016\/02\/28\/la-reserva-volvio-a-empatar-3\/","title":{"rendered":"La Reserva volvi\u00f3 a empatar"},"content":{"rendered":"<p><strong>La Reserva de Independiente empat\u00f3 0-0 con River en Ezeiza<\/strong> y sum\u00f3 su segunda igualdad sin goles de manera consecutiva, tras quedar a mano en el Cl\u00e1sico de Avellaneda.<\/p>\n<p>Los once titulares del Rojo fueron <strong>Gonzalo Rehak; Rafael Barrios, Juan Di Lorenzo, Rodrigo Moreira, N\u00e9stor Breitenbruch; Sa\u00fal Nelle, Leonel \u00c1lvarez, Domingo Blanco, Fabricio Bustos; Gast\u00f3n Del Castillo y Ezequiel Vidal<\/strong>.<\/p>\n<p><strong>El equipo de Fernando Ber\u00f3n suma 5 puntos sobre 12 posibles, con 1 triunfo, 2 empates y 1 derrota.<\/strong> Cabe recordar que tiene un partido pendiente ante Rosario Central, postergado para marzo.<\/p>\n","protected":false},"excerpt":{"rendered":"<p>La Reserva de Independiente empat\u00f3 0-0 con River en Ezeiza y sum\u00f3 su segunda igualdad sin goles de manera consecutiva, tras quedar a mano en el Cl\u00e1sico de Avellaneda. Los once titulares del Rojo fueron Gonzalo Rehak; Rafael Barrios, Juan Di Lorenzo, Rodrigo Moreira, N\u00e9stor Breitenbruch; Sa\u00fal Nelle, Leonel \u00c1lvarez, Domingo Blanco, Fabricio Bustos; Gast\u00f3n [&hellip;]<\/p>\n","protected":false},"author":8,"featured_media":63395,"comment_status":"open","ping_status":"closed","sticky":false,"template":"","format":"standard","meta":{"_links_to":"","_links_to_target":""},"categories":[1,141],"tags":[2862,231,2783,741],"_links":{"self":[{"href":"https:\/\/www.locoxelrojo.com\/independiente\/wp-json\/wp\/v2\/posts\/63394"}],"collection":[{"href":"https:\/\/www.locoxelrojo.com\/independiente\/wp-json\/wp\/v2\/posts"}],"about":[{"href":"https:\/\/www.locoxelrojo.com\/independiente\/wp-json\/wp\/v2\/types\/post"}],"author":[{"embeddable":true,"href":"https:\/\/www.locoxelrojo.com\/independiente\/wp-json\/wp\/v2\/users\/8"}],"replies":[{"embeddable":true,"href":"https:\/\/www.locoxelrojo.com\/independiente\/wp-json\/wp\/v2\/comments?post=63394"}],"version-history":[{"count":0,"href":"https:\/\/www.locoxelrojo.com\/independiente\/wp-json\/wp\/v2\/posts\/63394\/revisions"}],"wp:featuredmedia":[{"embeddable":true,"href":"https:\/\/www.locoxelrojo.com\/independiente\/wp-json\/wp\/v2\/media\/63395"}],"wp:attachment":[{"href":"https:\/\/www.locoxelrojo.com\/independiente\/wp-json\/wp\/v2\/media?parent=63394"}],"wp:term":[{"taxonomy":"category","embeddable":true,"href":"https:\/\/www.locoxelrojo.com\/independiente\/wp-json\/wp\/v2\/categories?post=63394"},{"taxonomy":"post_tag","embeddable":true,"href":"https:\/\/www.locoxelrojo.com\/independiente\/wp-json\/wp\/v2\/tags?post=63394"}],"curies":[{"name":"wp","href":"https:\/\/api.w.org\/{rel}","templated":true}]}}