{"id":6346,"date":"2011-03-30T14:22:50","date_gmt":"2011-03-30T17:22:50","guid":{"rendered":"http:\/\/www.locoxelrojo.com.ar\/independiente\/?p=6346"},"modified":"2015-09-09T23:32:58","modified_gmt":"2015-09-10T02:32:58","slug":"se-asoma-el-gordo","status":"publish","type":"post","link":"https:\/\/www.locoxelrojo.com\/independiente\/2011\/03\/30\/se-asoma-el-gordo\/","title":{"rendered":"Se asoma N\u00fa\u00f1ez"},"content":{"rendered":"<p><a href=\"http:\/\/www.locoxelrojo.com.ar\/independiente\/wp-content\/uploads\/2011\/03\/leonel_nu\u00f1ez.jpg\"><img loading=\"lazy\" class=\"alignnone size-full wp-image-6347\" title=\"leonel_nu\u00f1ez\" src=\"http:\/\/www.locoxelrojo.com.ar\/independiente\/wp-content\/uploads\/2011\/03\/leonel_nu\u00f1ez.jpg\" alt=\"\" width=\"590\" height=\"315\" srcset=\"https:\/\/locoxelrojo.com\/independiente\/wp-content\/uploads\/2011\/03\/leonel_nu\u00f1ez.jpg 590w, https:\/\/locoxelrojo.com\/independiente\/wp-content\/uploads\/2011\/03\/leonel_nu\u00f1ez-300x160.jpg 300w\" sizes=\"(max-width: 590px) 100vw, 590px\" \/><\/a><\/p>\n<p>La \u00fanica variante respecto a los 11 que ven\u00edamos manejando para visitar a Gimnasia La Plata en El Bosque es la inclusi\u00f3n de Leonel Nu\u00f1ez por Facundo Parra. Ayer dec\u00edamos que el arquero ser\u00eda Fabi\u00e1n Assman porque no se quiere arriegar a Hilario. Tambi\u00e9n anticipamos la vuelta a la linea de 3 con Tuzzio, Matheu y Galeano. En el mediocampo, dijimos que los volantes centrales ser\u00edan Fredes y Pellerano. En tanto, por los costados estar\u00e1n Mareque por la izquierda y V\u00e9lez por derecha. El enganche ser\u00e1 Lucas Villafa\u00f1ez y los delanteros Nu\u00f1ez y Silvera.<\/p>\n<p>Para los suplentes hicieron lo propio Diego Rodr\u00edguez; Gabriel Vall\u00e9s, Samuel C\u00e1ceres, Javier\u00a0 B\u00e1ez, Maximiliano Vel\u00e1zquez;\u00a0 Walter Busse, Roberto Batti\u00f3n, Fernando Godoy, Iv\u00e1n P\u00e9rez; Nicol\u00e1s Mart\u00ednez y Facundo Parra. Independiente se entrenar\u00e1 ma\u00f1ana por la ma\u00f1ana a puertas cerradas y luego quedar\u00e1 concentrado en el Hotel Intercontinental de cara al choque del viernes a las 19 horas.<\/p>\n<p>Afuera de esta lista, quedaron por sus respectivas lesiones Mat\u00edas Defederico -hoy comenz\u00f3 a trotar-, Leandro Graci\u00e1n, Juli\u00e1n Vel\u00e1zquez, Ignacio Barcia y Jairo Castillo.<\/p>\n","protected":false},"excerpt":{"rendered":"<p>La \u00fanica variante respecto a los 11 que ven\u00edamos manejando para visitar a Gimnasia La Plata en El Bosque es la inclusi\u00f3n de Leonel Nu\u00f1ez por Facundo Parra. Ayer dec\u00edamos que el arquero ser\u00eda Fabi\u00e1n Assman porque no se quiere arriegar a Hilario. Tambi\u00e9n anticipamos la vuelta a la linea de 3 con Tuzzio, Matheu [&hellip;]<\/p>\n","protected":false},"author":1,"featured_media":0,"comment_status":"open","ping_status":"open","sticky":false,"template":"","format":"standard","meta":{"_links_to":"","_links_to_target":""},"categories":[3,1],"tags":[153,87,61],"_links":{"self":[{"href":"https:\/\/www.locoxelrojo.com\/independiente\/wp-json\/wp\/v2\/posts\/6346"}],"collection":[{"href":"https:\/\/www.locoxelrojo.com\/independiente\/wp-json\/wp\/v2\/posts"}],"about":[{"href":"https:\/\/www.locoxelrojo.com\/independiente\/wp-json\/wp\/v2\/types\/post"}],"author":[{"embeddable":true,"href":"https:\/\/www.locoxelrojo.com\/independiente\/wp-json\/wp\/v2\/users\/1"}],"replies":[{"embeddable":true,"href":"https:\/\/www.locoxelrojo.com\/independiente\/wp-json\/wp\/v2\/comments?post=6346"}],"version-history":[{"count":0,"href":"https:\/\/www.locoxelrojo.com\/independiente\/wp-json\/wp\/v2\/posts\/6346\/revisions"}],"wp:attachment":[{"href":"https:\/\/www.locoxelrojo.com\/independiente\/wp-json\/wp\/v2\/media?parent=6346"}],"wp:term":[{"taxonomy":"category","embeddable":true,"href":"https:\/\/www.locoxelrojo.com\/independiente\/wp-json\/wp\/v2\/categories?post=6346"},{"taxonomy":"post_tag","embeddable":true,"href":"https:\/\/www.locoxelrojo.com\/independiente\/wp-json\/wp\/v2\/tags?post=6346"}],"curies":[{"name":"wp","href":"https:\/\/api.w.org\/{rel}","templated":true}]}}