{"id":6349,"date":"2011-03-30T15:00:43","date_gmt":"2011-03-30T18:00:43","guid":{"rendered":"http:\/\/www.locoxelrojo.com.ar\/independiente\/?p=6349"},"modified":"2011-03-30T15:04:09","modified_gmt":"2011-03-30T18:04:09","slug":"vuelve-nicolas-martinez","status":"publish","type":"post","link":"https:\/\/www.locoxelrojo.com\/independiente\/2011\/03\/30\/vuelve-nicolas-martinez\/","title":{"rendered":"Vuelve Nicol\u00e1s Mart\u00ednez"},"content":{"rendered":"<p><a href=\"http:\/\/www.locoxelrojo.com.ar\/independiente\/wp-content\/uploads\/2011\/03\/Nicolas_Martinez6.jpg\"><img loading=\"lazy\" class=\"alignnone size-full wp-image-6363\" title=\"Nicolas_Martinez\" src=\"http:\/\/www.locoxelrojo.com.ar\/independiente\/wp-content\/uploads\/2011\/03\/Nicolas_Martinez6.jpg\" alt=\"\" width=\"590\" height=\"315\" srcset=\"https:\/\/locoxelrojo.com\/independiente\/wp-content\/uploads\/2011\/03\/Nicolas_Martinez6.jpg 590w, https:\/\/locoxelrojo.com\/independiente\/wp-content\/uploads\/2011\/03\/Nicolas_Martinez6-300x160.jpg 300w\" sizes=\"(max-width: 590px) 100vw, 590px\" \/><\/a><\/p>\n<p>El jugador tra\u00eddo por Menotti concentrarar\u00e1 por primera vez en el a\u00f1o luego de una buena pr\u00e1ctica de f\u00fatbol reducido en la ma\u00f1ana de ayer en la cual convirti\u00f3 un gol clav\u00e1ndosela en el \u00e1ngulo derecho a Diego Rodr\u00edguez. Adem\u00e1s, concentrar\u00e1 Hilario Navarro quien igualmente ser\u00eda suplente.  En la lista tambi\u00e9n est\u00e1n Gabriel Vall\u00e9s y Lucas Villafa\u00f1ez.<\/p>\n<p><strong>A continuaci\u00f3n, los concentrados:<\/strong><\/p>\n<p><strong>Arqueros:<\/strong> Assmann, Navarro.<br \/>\n<strong>Defensores:<\/strong> Tuzzio, Matheu, Mareque, Galeano, M. Vel\u00e1zquez, V\u00e9lez, Vall\u00e9s.<br \/>\n<strong>Volantes:<\/strong> Fredes, Busse, Villafa\u00f1ez, Godoy, Pellerano, Batti\u00f3n, N. Mart\u00ednez.<br \/>\n<strong>Delanteros:<\/strong> Silvera, Parra, P. Rodr\u00edguez, N\u00fa\u00f1ez.<\/p>\n","protected":false},"excerpt":{"rendered":"<p>El jugador tra\u00eddo por Menotti concentrarar\u00e1 por primera vez en el a\u00f1o luego de una buena pr\u00e1ctica de f\u00fatbol reducido en la ma\u00f1ana de ayer en la cual convirti\u00f3 un gol clav\u00e1ndosela en el \u00e1ngulo derecho a Diego Rodr\u00edguez. Adem\u00e1s, concentrar\u00e1 Hilario Navarro quien igualmente ser\u00eda suplente. En la lista tambi\u00e9n est\u00e1n Gabriel Vall\u00e9s y [&hellip;]<\/p>\n","protected":false},"author":1,"featured_media":0,"comment_status":"open","ping_status":"open","sticky":false,"template":"","format":"standard","meta":{"_links_to":"","_links_to_target":""},"categories":[3,1],"tags":[115,153,61,37],"_links":{"self":[{"href":"https:\/\/www.locoxelrojo.com\/independiente\/wp-json\/wp\/v2\/posts\/6349"}],"collection":[{"href":"https:\/\/www.locoxelrojo.com\/independiente\/wp-json\/wp\/v2\/posts"}],"about":[{"href":"https:\/\/www.locoxelrojo.com\/independiente\/wp-json\/wp\/v2\/types\/post"}],"author":[{"embeddable":true,"href":"https:\/\/www.locoxelrojo.com\/independiente\/wp-json\/wp\/v2\/users\/1"}],"replies":[{"embeddable":true,"href":"https:\/\/www.locoxelrojo.com\/independiente\/wp-json\/wp\/v2\/comments?post=6349"}],"version-history":[{"count":0,"href":"https:\/\/www.locoxelrojo.com\/independiente\/wp-json\/wp\/v2\/posts\/6349\/revisions"}],"wp:attachment":[{"href":"https:\/\/www.locoxelrojo.com\/independiente\/wp-json\/wp\/v2\/media?parent=6349"}],"wp:term":[{"taxonomy":"category","embeddable":true,"href":"https:\/\/www.locoxelrojo.com\/independiente\/wp-json\/wp\/v2\/categories?post=6349"},{"taxonomy":"post_tag","embeddable":true,"href":"https:\/\/www.locoxelrojo.com\/independiente\/wp-json\/wp\/v2\/tags?post=6349"}],"curies":[{"name":"wp","href":"https:\/\/api.w.org\/{rel}","templated":true}]}}