{"id":63609,"date":"2016-03-08T21:36:16","date_gmt":"2016-03-09T00:36:16","guid":{"rendered":"http:\/\/www.locoxelrojo.com\/independiente\/?p=63609"},"modified":"2016-03-08T22:00:04","modified_gmt":"2016-03-09T01:00:04","slug":"denis-no-fue-un-insulto-al-tecnico-quise-decir-que-no-queria-salir","status":"publish","type":"post","link":"https:\/\/www.locoxelrojo.com\/independiente\/2016\/03\/08\/denis-no-fue-un-insulto-al-tecnico-quise-decir-que-no-queria-salir\/","title":{"rendered":"Denis: &#8220;No fue un insulto al t\u00e9cnico, quise decir que no quer\u00eda salir&#8221;"},"content":{"rendered":"<p>Germ\u00e1n Denis <strong>se refiri\u00f3 al insulto que sali\u00f3 de su boca tras ser reemplazado en la victoria de Independiente 4-1 ante Col\u00f3n y afirm\u00f3 que no fue para Mauricio Pellegrino. Adem\u00e1s, habl\u00f3 de la capitan\u00eda de Hern\u00e1n Pellerano y defendi\u00f3 al arquero Diego Rodr\u00edguez.<\/strong><\/p>\n<p><strong>&#8220;Se arm\u00f3 pol\u00e9mica en estas horas por este tema, pero nadie quiere salir. No fue un insulto al t\u00e9cnico, quise decir que no me sent\u00eda para salir&#8221;<\/strong>, asegur\u00f3 el delantero en di\u00e1logo con Radio La Red. <strong>&#8220;No quise faltar el respeto al t\u00e9cnico ni al jugador que entraba, no me refer\u00ed para nada a \u00e9l. Son momentos en los que uno no piensa&#8221;<\/strong>, agreg\u00f3.<\/p>\n<p>Al ser consultado por la capitan\u00eda de Pellerano, confirm\u00f3 que el entrenador la decidi\u00f3 y que de todas formas no es un objetivo suyo: <strong>&#8220;Quiero que est\u00e9 bien el equipo y tiremos todos para el mismo lado&#8221;.<\/strong><\/p>\n<p>Para finalizar, banc\u00f3 al Ruso Rodr\u00edguez y ampli\u00f3 las razones de su festejo. <strong>&#8220;Todos pasamos por eso y que te respalde el grupo, te da fuerzas para seguir entrenando y luchando. Quiz\u00e1s no merec\u00eda que fuera tan cuestionado. Fue para \u00e9l y para demostrar que el grupo est\u00e1 muy unido&#8221;<\/strong>, cerr\u00f3.<\/p>\n","protected":false},"excerpt":{"rendered":"<p>Germ\u00e1n Denis se refiri\u00f3 al insulto que sali\u00f3 de su boca tras ser reemplazado en la victoria de Independiente 4-1 ante Col\u00f3n y afirm\u00f3 que no fue para Mauricio Pellegrino. Adem\u00e1s, habl\u00f3 de la capitan\u00eda de Hern\u00e1n Pellerano y defendi\u00f3 al arquero Diego Rodr\u00edguez. &#8220;Se arm\u00f3 pol\u00e9mica en estas horas por este tema, pero nadie [&hellip;]<\/p>\n","protected":false},"author":11,"featured_media":63608,"comment_status":"open","ping_status":"closed","sticky":false,"template":"","format":"standard","meta":{"_links_to":"","_links_to_target":""},"categories":[3,1],"tags":[153,181,397,2166],"_links":{"self":[{"href":"https:\/\/www.locoxelrojo.com\/independiente\/wp-json\/wp\/v2\/posts\/63609"}],"collection":[{"href":"https:\/\/www.locoxelrojo.com\/independiente\/wp-json\/wp\/v2\/posts"}],"about":[{"href":"https:\/\/www.locoxelrojo.com\/independiente\/wp-json\/wp\/v2\/types\/post"}],"author":[{"embeddable":true,"href":"https:\/\/www.locoxelrojo.com\/independiente\/wp-json\/wp\/v2\/users\/11"}],"replies":[{"embeddable":true,"href":"https:\/\/www.locoxelrojo.com\/independiente\/wp-json\/wp\/v2\/comments?post=63609"}],"version-history":[{"count":0,"href":"https:\/\/www.locoxelrojo.com\/independiente\/wp-json\/wp\/v2\/posts\/63609\/revisions"}],"wp:featuredmedia":[{"embeddable":true,"href":"https:\/\/www.locoxelrojo.com\/independiente\/wp-json\/wp\/v2\/media\/63608"}],"wp:attachment":[{"href":"https:\/\/www.locoxelrojo.com\/independiente\/wp-json\/wp\/v2\/media?parent=63609"}],"wp:term":[{"taxonomy":"category","embeddable":true,"href":"https:\/\/www.locoxelrojo.com\/independiente\/wp-json\/wp\/v2\/categories?post=63609"},{"taxonomy":"post_tag","embeddable":true,"href":"https:\/\/www.locoxelrojo.com\/independiente\/wp-json\/wp\/v2\/tags?post=63609"}],"curies":[{"name":"wp","href":"https:\/\/api.w.org\/{rel}","templated":true}]}}