{"id":63916,"date":"2016-03-26T00:50:59","date_gmt":"2016-03-26T03:50:59","guid":{"rendered":"http:\/\/www.locoxelrojo.com\/independiente\/?p=63916"},"modified":"2016-03-26T01:11:46","modified_gmt":"2016-03-26T04:11:46","slug":"feliz-dia-del-hincha-de-independiente-2","status":"publish","type":"post","link":"https:\/\/www.locoxelrojo.com\/independiente\/2016\/03\/26\/feliz-dia-del-hincha-de-independiente-2\/","title":{"rendered":"\u00a1Feliz D\u00eda del Hincha de Independiente!"},"content":{"rendered":"<p>Hoy s\u00e1bado 26 de marzo de 2016 <strong>se cumplen 11 a\u00f1os de la \u201cCaravana del Centenario\u201d<\/strong>, un hecho hist\u00f3rico que muchos otros clubes argentinos quisieron imitar, pero nunca pudieron igualar. Ese d\u00eda, <strong>el hincha del Rojo super\u00f3 cualquier otro acto similar de amor a un club y la fecha qued\u00f3 tan marcada que todos los a\u00f1os se conmemora el \u201cD\u00eda del Hincha de Independiente\u201d<\/strong>.<\/p>\n<p>Todo surgi\u00f3 desde un grupo de socios que formaron el <strong>Grupo Centenario<\/strong>. A ellos se les sumaron todos los hinchas que formaron parte de <strong>esa locura que dif\u00edcilmente se vuelva a repetir<\/strong>. Fueron meses y meses de mucho trabajo y preparativos para que todo fuese una verdadera fiesta.<\/p>\n<p>La Caravana se iba a realizar el 1\u00ba de enero de 2005, d\u00eda del cumplea\u00f1os n\u00famero 100 de Independiente, pero se posterg\u00f3 para el 26 de marzo debido a la tragedia en el boliche Rep\u00fablica Croma\u00f1\u00f3n.<strong> Y fue en esa fecha que unas 100.000 personas pintaron de Rojo la Ciudad de Avellaneda.<\/strong><\/p>\n<p><strong>El punto de partida fue la esquina de Per\u00fa e Hip\u00f3lito Yrigoyen<\/strong>, el lugar en donde naci\u00f3 Independiente. Desplegando una bandera roja y blanca de 300 metros, <strong>los hinchas llevaron a cabo la hist\u00f3rica caravana que dej\u00f3 en claro qui\u00e9n manda en Avellaneda<\/strong>.<\/p>\n<p>A 11 a\u00f1os de ese hecho que nos llen\u00f3 de orgullo a todos, el staff de <strong>LocoXelRojo<\/strong> te desea un Feliz D\u00eda del Hincha de Independiente.<\/p>\n","protected":false},"excerpt":{"rendered":"<p>Hoy s\u00e1bado 26 de marzo de 2016 se cumplen 11 a\u00f1os de la \u201cCaravana del Centenario\u201d, un hecho hist\u00f3rico que muchos otros clubes argentinos quisieron imitar, pero nunca pudieron igualar. Ese d\u00eda, el hincha del Rojo super\u00f3 cualquier otro acto similar de amor a un club y la fecha qued\u00f3 tan marcada que todos los [&hellip;]<\/p>\n","protected":false},"author":1,"featured_media":51574,"comment_status":"open","ping_status":"closed","sticky":false,"template":"","format":"standard","meta":{"_links_to":"","_links_to_target":""},"categories":[4,1],"tags":[2053,153,2918],"_links":{"self":[{"href":"https:\/\/www.locoxelrojo.com\/independiente\/wp-json\/wp\/v2\/posts\/63916"}],"collection":[{"href":"https:\/\/www.locoxelrojo.com\/independiente\/wp-json\/wp\/v2\/posts"}],"about":[{"href":"https:\/\/www.locoxelrojo.com\/independiente\/wp-json\/wp\/v2\/types\/post"}],"author":[{"embeddable":true,"href":"https:\/\/www.locoxelrojo.com\/independiente\/wp-json\/wp\/v2\/users\/1"}],"replies":[{"embeddable":true,"href":"https:\/\/www.locoxelrojo.com\/independiente\/wp-json\/wp\/v2\/comments?post=63916"}],"version-history":[{"count":0,"href":"https:\/\/www.locoxelrojo.com\/independiente\/wp-json\/wp\/v2\/posts\/63916\/revisions"}],"wp:featuredmedia":[{"embeddable":true,"href":"https:\/\/www.locoxelrojo.com\/independiente\/wp-json\/wp\/v2\/media\/51574"}],"wp:attachment":[{"href":"https:\/\/www.locoxelrojo.com\/independiente\/wp-json\/wp\/v2\/media?parent=63916"}],"wp:term":[{"taxonomy":"category","embeddable":true,"href":"https:\/\/www.locoxelrojo.com\/independiente\/wp-json\/wp\/v2\/categories?post=63916"},{"taxonomy":"post_tag","embeddable":true,"href":"https:\/\/www.locoxelrojo.com\/independiente\/wp-json\/wp\/v2\/tags?post=63916"}],"curies":[{"name":"wp","href":"https:\/\/api.w.org\/{rel}","templated":true}]}}