{"id":63948,"date":"2016-03-30T12:30:02","date_gmt":"2016-03-30T15:30:02","guid":{"rendered":"http:\/\/www.locoxelrojo.com\/independiente\/?p=63948"},"modified":"2016-03-30T16:36:53","modified_gmt":"2016-03-30T19:36:53","slug":"vera-al-margen","status":"publish","type":"post","link":"https:\/\/www.locoxelrojo.com\/independiente\/2016\/03\/30\/vera-al-margen\/","title":{"rendered":"Vera al margen"},"content":{"rendered":"<p>El plantel de Independiente sigue con la puesta a punto de cara al partido ante Sarmiento. <strong>Este mi\u00e9rcoles por la ma\u00f1ana se entren\u00f3 en Villa Dom\u00ednico, con Diego Vera al margen por una fatiga muscular<\/strong>.<\/p>\n<p>Mauricio Pellegrino organiz\u00f3 una pr\u00e1ctica\u00a0con\u00a0ejercicios f\u00edsicos y trabajos con\u00a0pelota a un toque para mejorar la precisi\u00f3n. <strong>Todav\u00eda no hay indicios del equipo que jugar\u00e1 en Jun\u00edn el pr\u00f3ximo domingo<\/strong>.<\/p>\n<p>La noticia del d\u00eda fue que <strong>Vera no pudo moverse a la par de sus compa\u00f1eros por una fatiga muscular en un gemelo<\/strong> y trabaj\u00f3 junto a los kinesi\u00f3logos, aunque\u00a0<strong>los m\u00e9dicos creen que\u00a0podr\u00e1 estar frente a\u00a0Sarmiento<\/strong>. Otro que se entren\u00f3 a un costado fue <strong>Juan Manuel Trejo, quien\u00a0se sigue recuperando de la operaci\u00f3n de su rodilla<\/strong>.<\/p>\n<p>Por su parte, si bien ya terminaron su participaci\u00f3n en las Eliminatorias Sudamericanas,<strong>\u00a0los uruguayos Mart\u00edn Campa\u00f1a y Cristian Rodr\u00edguez\u00a0se sumar\u00e1n al grupo reci\u00e9n este jueves por la ma\u00f1ana<\/strong>.<\/p>\n<p><span style=\"color: #808080;\"><em><strong>Foto: Club Atl\u00e9tico Independiente<\/strong><\/em><\/span><\/p>\n","protected":false},"excerpt":{"rendered":"<p>El plantel de Independiente sigue con la puesta a punto de cara al partido ante Sarmiento. Este mi\u00e9rcoles por la ma\u00f1ana se entren\u00f3 en Villa Dom\u00ednico, con Diego Vera al margen por una fatiga muscular. Mauricio Pellegrino organiz\u00f3 una pr\u00e1ctica\u00a0con\u00a0ejercicios f\u00edsicos y trabajos con\u00a0pelota a un toque para mejorar la precisi\u00f3n. Todav\u00eda no hay indicios [&hellip;]<\/p>\n","protected":false},"author":8,"featured_media":63950,"comment_status":"open","ping_status":"closed","sticky":false,"template":"","format":"standard","meta":{"_links_to":"","_links_to_target":""},"categories":[3,1],"tags":[2791,26,172],"_links":{"self":[{"href":"https:\/\/www.locoxelrojo.com\/independiente\/wp-json\/wp\/v2\/posts\/63948"}],"collection":[{"href":"https:\/\/www.locoxelrojo.com\/independiente\/wp-json\/wp\/v2\/posts"}],"about":[{"href":"https:\/\/www.locoxelrojo.com\/independiente\/wp-json\/wp\/v2\/types\/post"}],"author":[{"embeddable":true,"href":"https:\/\/www.locoxelrojo.com\/independiente\/wp-json\/wp\/v2\/users\/8"}],"replies":[{"embeddable":true,"href":"https:\/\/www.locoxelrojo.com\/independiente\/wp-json\/wp\/v2\/comments?post=63948"}],"version-history":[{"count":0,"href":"https:\/\/www.locoxelrojo.com\/independiente\/wp-json\/wp\/v2\/posts\/63948\/revisions"}],"wp:featuredmedia":[{"embeddable":true,"href":"https:\/\/www.locoxelrojo.com\/independiente\/wp-json\/wp\/v2\/media\/63950"}],"wp:attachment":[{"href":"https:\/\/www.locoxelrojo.com\/independiente\/wp-json\/wp\/v2\/media?parent=63948"}],"wp:term":[{"taxonomy":"category","embeddable":true,"href":"https:\/\/www.locoxelrojo.com\/independiente\/wp-json\/wp\/v2\/categories?post=63948"},{"taxonomy":"post_tag","embeddable":true,"href":"https:\/\/www.locoxelrojo.com\/independiente\/wp-json\/wp\/v2\/tags?post=63948"}],"curies":[{"name":"wp","href":"https:\/\/api.w.org\/{rel}","templated":true}]}}