{"id":63964,"date":"2016-03-31T20:02:18","date_gmt":"2016-03-31T23:02:18","guid":{"rendered":"http:\/\/www.locoxelrojo.com\/independiente\/?p=63964"},"modified":"2016-03-31T20:02:18","modified_gmt":"2016-03-31T23:02:18","slug":"pellegrino-debemos-esperar-a-ver-como-se-recuperara-vera","status":"publish","type":"post","link":"https:\/\/www.locoxelrojo.com\/independiente\/2016\/03\/31\/pellegrino-debemos-esperar-a-ver-como-se-recuperara-vera\/","title":{"rendered":"Pellegrino: &#8220;Debemos esperar a ver c\u00f3mo se recuperar\u00e1 Vera&#8221;"},"content":{"rendered":"<p>Luego de la pr\u00e1ctica matutina, <strong>Mauricio Pellegrino dialog\u00f3 en conferencia de prensa y si bien no confirm\u00f3 el equipo para el domingo, aclar\u00f3 que esperar\u00e1n las evoluciones de los uruguayos Diego Vera y Cristian Rodr\u00edguez.<\/strong><\/p>\n<p><strong>&#8220;Antes de resolver el equipo, debemos esperar a ver c\u00f3mo se recuperar\u00e1 Diego Vera&#8221;<\/strong>, comenz\u00f3 el t\u00e9cnico haciendo referencia a la molestia del delantero. Y luego continu\u00f3: <strong>&#8220;Tambi\u00e9n tenemos que ver c\u00f3mo contin\u00faa Cristian Rodr\u00edguez despu\u00e9s de la exigencia con su Selecci\u00f3n&#8221;<\/strong>.<\/p>\n<p>Y aunque no haya confirmado el once inicial, Pellegrino asegur\u00f3: <strong>\u201cNuestra idea es jugar con dos delanteros desde el inicio. Una de las posibilidades puede ser con Cebolla por las bandas. Conmigo ya jug\u00f3 en esa posici\u00f3n, pero a\u00fan no lo tengo definido. Mi idea es contar con \u00e9l desde el inicio. Y esperar lo de Diego, que es m\u00e1s m\u00e9dico que futbol\u00edstico. Tiene una peque\u00f1a cicatriz en una lesi\u00f3n anterior y si bien el doctor cree que llegar\u00e1, hay que esperar\u201d<\/strong>.<\/p>\n<p>En el medio, Emiliano Rigoni podr\u00eda volver a ser titular. <strong>\u201c\u00c9l se est\u00e1 adaptando muy bien al juego del equipo. Tenemos en cuenta que tiene una gran virtud con su pegada y por eso todo el mundo espera que juegue. Nosotros pretendemos que mejore mucho m\u00e1s en su juego como el resto de sus compa\u00f1eros\u201d<\/strong>, desliz\u00f3 sobre el cordob\u00e9s.<\/p>\n<p>Mientras que otra duda que tiene el entrenador pasa por saber qui\u00e9n acompa\u00f1ar\u00e1 al Torito Rodr\u00edguez en el medio: <strong>&#8220;Todav\u00eda no encontramos el rendimiento que tanto Jorge Ort\u00edz como Jes\u00fas M\u00e9ndez tuvieron el torneo pasado. No me decid\u00ed todav\u00eda, pero est\u00e1n mejor que hace un par de semanas. A medida que pasan los partidos, van encontrando su rendimiento\u201d<\/strong>.<\/p>\n<p>Sobre el final, el Flaco hizo referencia al encuentro del domingo ante Sarmiento. <strong>\u201cMe imagino que el partido ser\u00e1 dif\u00edcil, porque es una cancha complicada y ellos se est\u00e1n cerrando bien desde que lleg\u00f3 Caruso Lombardi. Juegan con la desesperaci\u00f3n del rival y seguramente sea muy disputado desde el inicio\u201d<\/strong>, cerr\u00f3.<\/p>\n","protected":false},"excerpt":{"rendered":"<p>Luego de la pr\u00e1ctica matutina, Mauricio Pellegrino dialog\u00f3 en conferencia de prensa y si bien no confirm\u00f3 el equipo para el domingo, aclar\u00f3 que esperar\u00e1n las evoluciones de los uruguayos Diego Vera y Cristian Rodr\u00edguez. &#8220;Antes de resolver el equipo, debemos esperar a ver c\u00f3mo se recuperar\u00e1 Diego Vera&#8221;, comenz\u00f3 el t\u00e9cnico haciendo referencia a [&hellip;]<\/p>\n","protected":false},"author":19,"featured_media":63965,"comment_status":"open","ping_status":"closed","sticky":false,"template":"","format":"standard","meta":{"_links_to":"","_links_to_target":""},"categories":[3,1],"tags":[2166],"_links":{"self":[{"href":"https:\/\/www.locoxelrojo.com\/independiente\/wp-json\/wp\/v2\/posts\/63964"}],"collection":[{"href":"https:\/\/www.locoxelrojo.com\/independiente\/wp-json\/wp\/v2\/posts"}],"about":[{"href":"https:\/\/www.locoxelrojo.com\/independiente\/wp-json\/wp\/v2\/types\/post"}],"author":[{"embeddable":true,"href":"https:\/\/www.locoxelrojo.com\/independiente\/wp-json\/wp\/v2\/users\/19"}],"replies":[{"embeddable":true,"href":"https:\/\/www.locoxelrojo.com\/independiente\/wp-json\/wp\/v2\/comments?post=63964"}],"version-history":[{"count":0,"href":"https:\/\/www.locoxelrojo.com\/independiente\/wp-json\/wp\/v2\/posts\/63964\/revisions"}],"wp:featuredmedia":[{"embeddable":true,"href":"https:\/\/www.locoxelrojo.com\/independiente\/wp-json\/wp\/v2\/media\/63965"}],"wp:attachment":[{"href":"https:\/\/www.locoxelrojo.com\/independiente\/wp-json\/wp\/v2\/media?parent=63964"}],"wp:term":[{"taxonomy":"category","embeddable":true,"href":"https:\/\/www.locoxelrojo.com\/independiente\/wp-json\/wp\/v2\/categories?post=63964"},{"taxonomy":"post_tag","embeddable":true,"href":"https:\/\/www.locoxelrojo.com\/independiente\/wp-json\/wp\/v2\/tags?post=63964"}],"curies":[{"name":"wp","href":"https:\/\/api.w.org\/{rel}","templated":true}]}}