{"id":63979,"date":"2016-04-01T16:54:09","date_gmt":"2016-04-01T19:54:09","guid":{"rendered":"http:\/\/www.locoxelrojo.com\/independiente\/?p=63979"},"modified":"2016-04-01T17:06:20","modified_gmt":"2016-04-01T20:06:20","slug":"moyano-protesorero-de-la-afa","status":"publish","type":"post","link":"https:\/\/www.locoxelrojo.com\/independiente\/2016\/04\/01\/moyano-protesorero-de-la-afa\/","title":{"rendered":"Moyano, Protesorero de la AFA"},"content":{"rendered":"<p><strong>Hugo Moyano, presidente de Independiente, fue designado como nuevo Protesorero de la Asociaci\u00f3n del F\u00fatbol Argentino<\/strong>.<\/p>\n<p>El bolet\u00edn oficial 5.162 del Comit\u00e9 Ejecutivo, emitido este viernes 1\u00ba abril, confirm\u00f3 que <strong>Luis Segura, m\u00e1xima autoridad de la AFA, decidi\u00f3 designar como Protesorero al mandam\u00e1s del Rojo<\/strong>.<\/p>\n<p>De esta manera, desde hoy <strong>Moyano secundar\u00e1 al actual Tesorero de la instituci\u00f3n, Mat\u00edas Lammens, presidente de San Lorenzo<\/strong>.<\/p>\n<p>El comunicado oficial del nombramiento:<\/p>\n<p>&nbsp;<\/p>\n<p><a href=\"https:\/\/www.locoxelrojo.com\/independiente\/wp-content\/uploads\/2016\/04\/Moyano-AFA.jpg\"><img loading=\"lazy\" class=\"alignnone size-full wp-image-63980\" src=\"https:\/\/www.locoxelrojo.com\/independiente\/wp-content\/uploads\/2016\/04\/Moyano-AFA.jpg\" alt=\"Moyano AFA\" width=\"654\" height=\"371\" srcset=\"https:\/\/locoxelrojo.com\/independiente\/wp-content\/uploads\/2016\/04\/Moyano-AFA.jpg 654w, https:\/\/locoxelrojo.com\/independiente\/wp-content\/uploads\/2016\/04\/Moyano-AFA-300x170.jpg 300w\" sizes=\"(max-width: 654px) 100vw, 654px\" \/><\/a><\/p>\n","protected":false},"excerpt":{"rendered":"<p>Hugo Moyano, presidente de Independiente, fue designado como nuevo Protesorero de la Asociaci\u00f3n del F\u00fatbol Argentino. El bolet\u00edn oficial 5.162 del Comit\u00e9 Ejecutivo, emitido este viernes 1\u00ba abril, confirm\u00f3 que Luis Segura, m\u00e1xima autoridad de la AFA, decidi\u00f3 designar como Protesorero al mandam\u00e1s del Rojo. De esta manera, desde hoy Moyano secundar\u00e1 al actual Tesorero [&hellip;]<\/p>\n","protected":false},"author":8,"featured_media":46784,"comment_status":"open","ping_status":"closed","sticky":false,"template":"","format":"standard","meta":{"_links_to":"","_links_to_target":""},"categories":[3,1],"tags":[218,140],"_links":{"self":[{"href":"https:\/\/www.locoxelrojo.com\/independiente\/wp-json\/wp\/v2\/posts\/63979"}],"collection":[{"href":"https:\/\/www.locoxelrojo.com\/independiente\/wp-json\/wp\/v2\/posts"}],"about":[{"href":"https:\/\/www.locoxelrojo.com\/independiente\/wp-json\/wp\/v2\/types\/post"}],"author":[{"embeddable":true,"href":"https:\/\/www.locoxelrojo.com\/independiente\/wp-json\/wp\/v2\/users\/8"}],"replies":[{"embeddable":true,"href":"https:\/\/www.locoxelrojo.com\/independiente\/wp-json\/wp\/v2\/comments?post=63979"}],"version-history":[{"count":0,"href":"https:\/\/www.locoxelrojo.com\/independiente\/wp-json\/wp\/v2\/posts\/63979\/revisions"}],"wp:featuredmedia":[{"embeddable":true,"href":"https:\/\/www.locoxelrojo.com\/independiente\/wp-json\/wp\/v2\/media\/46784"}],"wp:attachment":[{"href":"https:\/\/www.locoxelrojo.com\/independiente\/wp-json\/wp\/v2\/media?parent=63979"}],"wp:term":[{"taxonomy":"category","embeddable":true,"href":"https:\/\/www.locoxelrojo.com\/independiente\/wp-json\/wp\/v2\/categories?post=63979"},{"taxonomy":"post_tag","embeddable":true,"href":"https:\/\/www.locoxelrojo.com\/independiente\/wp-json\/wp\/v2\/tags?post=63979"}],"curies":[{"name":"wp","href":"https:\/\/api.w.org\/{rel}","templated":true}]}}