{"id":64084,"date":"2016-04-06T15:19:52","date_gmt":"2016-04-06T18:19:52","guid":{"rendered":"http:\/\/www.locoxelrojo.com\/independiente\/?p=64084"},"modified":"2016-04-06T17:36:32","modified_gmt":"2016-04-06T20:36:32","slug":"dudas-para-recibir-a-olimpo","status":"publish","type":"post","link":"https:\/\/www.locoxelrojo.com\/independiente\/2016\/04\/06\/dudas-para-recibir-a-olimpo\/","title":{"rendered":"Dudas para recibir a Olimpo"},"content":{"rendered":"<p>Independiente entren\u00f3 este mi\u00e9rcoles en el predio de Villa Dom\u00ednico. <strong>Mauricio Pellegrino tiene varias dudas para armar el equipo que recibir\u00e1 a Olimpo en el Libertadores de Am\u00e9rica este s\u00e1bado desde las 20. <\/strong><\/p>\n<p><strong>Esta ma\u00f1ana, en el complejo Santo Domingo, el entrenador dispuso ejercicios t\u00e1cticos donde no se pudo vislumbrar un equipo titular.<\/strong> La primera duda de Pellegrino pasa por el reemplazante de V\u00edctor Cuesta, quien lleg\u00f3 a las cinco amarillas. <strong>Emanuel Aguilera se perfila para ser el compa\u00f1ero de Hern\u00e1n Pellerano, aunque no hay que descartar a Rodrigo Moreira, quien corre con menos chances.<\/strong><\/p>\n<p>La otra incertidumbre pasa por el mediocampo. <strong>El t\u00e9cnico no est\u00e1 conforme con el rendimiento del doble cinco. Lejos de desarmarlo, eval\u00faa el regreso de Jes\u00fas M\u00e9ndez por Jorge Ortiz, a quien ve en bajo nivel.<\/strong><\/p>\n<p><strong>En cuanto a Diego Vera, hoy volvi\u00f3 a trabajar de manera diferenciada para preservarlo. Su participaci\u00f3n el fin de semana no est\u00e1 asegurada y podr\u00eda mantenerse entre los titulares Leandro Fern\u00e1ndez.<\/strong> Con menos chances aparecen Mart\u00edn Ben\u00edtez y Rodrigo G\u00f3mez, lo que implicar\u00eda volver al esquema del 4-2-3-1.<\/p>\n","protected":false},"excerpt":{"rendered":"<p>Independiente entren\u00f3 este mi\u00e9rcoles en el predio de Villa Dom\u00ednico. Mauricio Pellegrino tiene varias dudas para armar el equipo que recibir\u00e1 a Olimpo en el Libertadores de Am\u00e9rica este s\u00e1bado desde las 20. Esta ma\u00f1ana, en el complejo Santo Domingo, el entrenador dispuso ejercicios t\u00e1cticos donde no se pudo vislumbrar un equipo titular. La primera [&hellip;]<\/p>\n","protected":false},"author":1,"featured_media":64085,"comment_status":"open","ping_status":"closed","sticky":false,"template":"","format":"standard","meta":{"_links_to":"","_links_to_target":""},"categories":[3,1],"tags":[2791,2446,26,2734,2969,2921,2166,2754,172],"_links":{"self":[{"href":"https:\/\/www.locoxelrojo.com\/independiente\/wp-json\/wp\/v2\/posts\/64084"}],"collection":[{"href":"https:\/\/www.locoxelrojo.com\/independiente\/wp-json\/wp\/v2\/posts"}],"about":[{"href":"https:\/\/www.locoxelrojo.com\/independiente\/wp-json\/wp\/v2\/types\/post"}],"author":[{"embeddable":true,"href":"https:\/\/www.locoxelrojo.com\/independiente\/wp-json\/wp\/v2\/users\/1"}],"replies":[{"embeddable":true,"href":"https:\/\/www.locoxelrojo.com\/independiente\/wp-json\/wp\/v2\/comments?post=64084"}],"version-history":[{"count":0,"href":"https:\/\/www.locoxelrojo.com\/independiente\/wp-json\/wp\/v2\/posts\/64084\/revisions"}],"wp:featuredmedia":[{"embeddable":true,"href":"https:\/\/www.locoxelrojo.com\/independiente\/wp-json\/wp\/v2\/media\/64085"}],"wp:attachment":[{"href":"https:\/\/www.locoxelrojo.com\/independiente\/wp-json\/wp\/v2\/media?parent=64084"}],"wp:term":[{"taxonomy":"category","embeddable":true,"href":"https:\/\/www.locoxelrojo.com\/independiente\/wp-json\/wp\/v2\/categories?post=64084"},{"taxonomy":"post_tag","embeddable":true,"href":"https:\/\/www.locoxelrojo.com\/independiente\/wp-json\/wp\/v2\/tags?post=64084"}],"curies":[{"name":"wp","href":"https:\/\/api.w.org\/{rel}","templated":true}]}}