{"id":64087,"date":"2016-04-06T17:19:42","date_gmt":"2016-04-06T20:19:42","guid":{"rendered":"http:\/\/www.locoxelrojo.com\/independiente\/?p=64087"},"modified":"2016-04-06T17:26:05","modified_gmt":"2016-04-06T20:26:05","slug":"almiron-algunos-jugadores-no-dejaron-todo-en-el-clasico-que-perdimos","status":"publish","type":"post","link":"https:\/\/www.locoxelrojo.com\/independiente\/2016\/04\/06\/almiron-algunos-jugadores-no-dejaron-todo-en-el-clasico-que-perdimos\/","title":{"rendered":"Almir\u00f3n: &#8220;Algunos jugadores no dejaron todo en el cl\u00e1sico que perdimos&#8221;"},"content":{"rendered":"<p><strong>Jorge Almir\u00f3n<\/strong>, entrenador de Lan\u00fas, habl\u00f3 sobre\u00a0su pasado en\u00a0Independiente y dio detalles de\u00a0su conflictiva salida en mayo de 2015 despu\u00e9s de\u00a0perder el Cl\u00e1sico de Avellaneda.<\/p>\n<p>En los micr\u00f3fonos de\u00a0ESPN FC Radio, el DT del Granate expresaba sus sensaciones\u00a0sobre el\u00a0muy buen presente de su equipo, actual\u00a0l\u00edder de la Zona 2, pero enseguida fue\u00a0consultado sobre su experiencia\u00a0en el Rojo. <strong>&#8220;Fue un proceso bastante largo e intenso. En el primer campeonato con muchos j\u00f3venes sacamos 33 puntos, sin grandes figuras. En el segundo trajeron algunos jugadores que se tuvieron que acoplar al club, porque no es un club f\u00e1cil. Los resultados se fueron dando al principio, despu\u00e9s empatamos tres partidos en donde fuimos superiores a los rivales y perdimos el cl\u00e1sico&#8221;<\/strong>, record\u00f3 el ex DT.<\/p>\n<p>Almir\u00f3n cont\u00f3 los motivos que lo llevaron a irse de Independiente tras la derrota ante Racing y, sin dar nombres, apunt\u00f3 contra algunos futbolistas: <strong>&#8220;Cre\u00eda que no hab\u00eda motivado bien al equipo, y hab\u00eda algunos jugadores que no hab\u00edan dejado todo en ese partido. Despu\u00e9s de un mal resultado en un cl\u00e1sico,\u00a0con\u00a0un t\u00e9cnico que saca a tres o cuatro jugadores, hab\u00eda cierta resistencia en todo en torno hacia m\u00ed, y yo jam\u00e1s le echar\u00eda la culpa a los jugadores. Despu\u00e9s de ese partido decid\u00ed irme&#8221;<\/strong>.<\/p>\n<p>El ex t\u00e9cnico del Rojo asegur\u00f3 que la Comisi\u00f3n Directiva no lo separ\u00f3 del cargo, sino que \u00e9l decidi\u00f3 dar un paso al costado. <strong>&#8220;A m\u00ed no me ech\u00f3 nadie. Habl\u00e9 con el presidente y decid\u00ed irme porque se iban a tomar medidas violentas nuevamente, y no est\u00e1 bien&#8221;<\/strong>, explic\u00f3. Adem\u00e1s, entendi\u00f3 que no tiene sentido\u00a0comparar aquella\u00a0etapa con la que vive actualmente en Lan\u00fas: <strong>&#8220;Son momentos diferentes.\u00a0Es un proceso que termin\u00f3 pero este es totalmente diferente&#8221;<\/strong>.<\/p>\n<p>En total fueron 35 los partidos que Almir\u00f3n dirigi\u00f3 a Independiente,\u00a032 por torneo local y 3 por Copa Argentina.<strong> Cosech\u00f3\u00a014 triunfos, 11 empates y 10 derrotas, logrando 53 puntos de 105, con\u00a0una efectividad del 50,4%.<\/strong>\u00a0Luego de\u00a0perder 1-0 ante Racing en el Cilindro\u00a0y<strong>\u00a0<\/strong>acumular<strong> 8 partidos sin ganar<\/strong>, su\u00a0mandato lleg\u00f3 a su fin. <strong>Hoy dirige a Lan\u00fas y hasta el momento es puntero con 22 unidades, producto de\u00a07 victorias, 1 igualdad y 1 ca\u00edda<\/strong>.<\/p>\n","protected":false},"excerpt":{"rendered":"<p>Jorge Almir\u00f3n, entrenador de Lan\u00fas, habl\u00f3 sobre\u00a0su pasado en\u00a0Independiente y dio detalles de\u00a0su conflictiva salida en mayo de 2015 despu\u00e9s de\u00a0perder el Cl\u00e1sico de Avellaneda. En los micr\u00f3fonos de\u00a0ESPN FC Radio, el DT del Granate expresaba sus sensaciones\u00a0sobre el\u00a0muy buen presente de su equipo, actual\u00a0l\u00edder de la Zona 2, pero enseguida fue\u00a0consultado sobre su experiencia\u00a0en [&hellip;]<\/p>\n","protected":false},"author":8,"featured_media":52946,"comment_status":"open","ping_status":"closed","sticky":false,"template":"","format":"standard","meta":{"_links_to":"","_links_to_target":""},"categories":[3,1],"tags":[2724],"_links":{"self":[{"href":"https:\/\/www.locoxelrojo.com\/independiente\/wp-json\/wp\/v2\/posts\/64087"}],"collection":[{"href":"https:\/\/www.locoxelrojo.com\/independiente\/wp-json\/wp\/v2\/posts"}],"about":[{"href":"https:\/\/www.locoxelrojo.com\/independiente\/wp-json\/wp\/v2\/types\/post"}],"author":[{"embeddable":true,"href":"https:\/\/www.locoxelrojo.com\/independiente\/wp-json\/wp\/v2\/users\/8"}],"replies":[{"embeddable":true,"href":"https:\/\/www.locoxelrojo.com\/independiente\/wp-json\/wp\/v2\/comments?post=64087"}],"version-history":[{"count":0,"href":"https:\/\/www.locoxelrojo.com\/independiente\/wp-json\/wp\/v2\/posts\/64087\/revisions"}],"wp:featuredmedia":[{"embeddable":true,"href":"https:\/\/www.locoxelrojo.com\/independiente\/wp-json\/wp\/v2\/media\/52946"}],"wp:attachment":[{"href":"https:\/\/www.locoxelrojo.com\/independiente\/wp-json\/wp\/v2\/media?parent=64087"}],"wp:term":[{"taxonomy":"category","embeddable":true,"href":"https:\/\/www.locoxelrojo.com\/independiente\/wp-json\/wp\/v2\/categories?post=64087"},{"taxonomy":"post_tag","embeddable":true,"href":"https:\/\/www.locoxelrojo.com\/independiente\/wp-json\/wp\/v2\/tags?post=64087"}],"curies":[{"name":"wp","href":"https:\/\/api.w.org\/{rel}","templated":true}]}}