{"id":64114,"date":"2016-04-08T20:00:46","date_gmt":"2016-04-08T23:00:46","guid":{"rendered":"http:\/\/www.locoxelrojo.com\/independiente\/?p=64114"},"modified":"2016-04-08T21:34:54","modified_gmt":"2016-04-09T00:34:54","slug":"concentrados-vs-olimpo-vera-otra-vez-afuera","status":"publish","type":"post","link":"https:\/\/www.locoxelrojo.com\/independiente\/2016\/04\/08\/concentrados-vs-olimpo-vera-otra-vez-afuera\/","title":{"rendered":"Concentrados vs. Olimpo: Vera, otra vez afuera"},"content":{"rendered":"<p>Mauricio Pellegrino confirm\u00f3 la lista de concentrados para el partido de este s\u00e1bado ante Olimpo.\u00a0<strong>Fueron 18\u00a0los citados, por lo que\u00a0no habr\u00e1 jugadores afuera de banco.<br \/>\n<\/strong><\/p>\n<p>Las novedades con respecto a la n\u00f3mina anterior fueron <strong>la vuelta de Rodrigo Moreira y las salidas de V\u00edctor Cuesta (cinco amarillas) y Juli\u00e1n Vitale.<\/strong> Los dem\u00e1s son los mismos que fueron convocados ante Sarmiento.<\/p>\n<p>Por su parte, <strong>Diego Vera se qued\u00f3 afuera de las concentrados por segundo partido al hilo<\/strong>. El entrenador esper\u00f3 al uruguayo hasta \u00faltimo momento, pero no logr\u00f3 recuperarse de su lesi\u00f3n y decidi\u00f3 no convocarlo.<\/p>\n<p><strong><br \/>\n<span style=\"text-decoration: underline;\">Los 18 concentrados frente a Olimpo<\/span><\/strong><\/p>\n<p><strong>Arqueros:<\/strong>\u00a0Diego Rodr\u00edguez y Mart\u00edn Campa\u00f1a.<\/p>\n<p><strong>Defensores:<\/strong>\u00a0Gustavo Toledo, Emanuel Aguilera, Hern\u00e1n Pellerano, Rodrigo Moreira y Nicol\u00e1s Tagliafico.<\/p>\n<p><strong>Mediocampistas:<\/strong>\u00a0Diego Rodr\u00edguez Berrini, Jes\u00fas M\u00e9ndez, Jorge Ortiz, Emiliano Rigoni, Rodrigo G\u00f3mez, Claudio Aquino y Cristian Rodr\u00edguez.<\/p>\n<p><strong>Delanteros:<\/strong>\u00a0Mart\u00edn Ben\u00edtez, Ezequiel Vidal, Germ\u00e1n Denis y Leandro Fern\u00e1ndez.<\/p>\n","protected":false},"excerpt":{"rendered":"<p>Mauricio Pellegrino confirm\u00f3 la lista de concentrados para el partido de este s\u00e1bado ante Olimpo.\u00a0Fueron 18\u00a0los citados, por lo que\u00a0no habr\u00e1 jugadores afuera de banco. Las novedades con respecto a la n\u00f3mina anterior fueron la vuelta de Rodrigo Moreira y las salidas de V\u00edctor Cuesta (cinco amarillas) y Juli\u00e1n Vitale. Los dem\u00e1s son los mismos [&hellip;]<\/p>\n","protected":false},"author":8,"featured_media":64116,"comment_status":"open","ping_status":"closed","sticky":false,"template":"","format":"standard","meta":{"_links_to":"","_links_to_target":""},"categories":[3,1],"tags":[153,2769,2791,2867,1733,3121,2754],"_links":{"self":[{"href":"https:\/\/www.locoxelrojo.com\/independiente\/wp-json\/wp\/v2\/posts\/64114"}],"collection":[{"href":"https:\/\/www.locoxelrojo.com\/independiente\/wp-json\/wp\/v2\/posts"}],"about":[{"href":"https:\/\/www.locoxelrojo.com\/independiente\/wp-json\/wp\/v2\/types\/post"}],"author":[{"embeddable":true,"href":"https:\/\/www.locoxelrojo.com\/independiente\/wp-json\/wp\/v2\/users\/8"}],"replies":[{"embeddable":true,"href":"https:\/\/www.locoxelrojo.com\/independiente\/wp-json\/wp\/v2\/comments?post=64114"}],"version-history":[{"count":0,"href":"https:\/\/www.locoxelrojo.com\/independiente\/wp-json\/wp\/v2\/posts\/64114\/revisions"}],"wp:featuredmedia":[{"embeddable":true,"href":"https:\/\/www.locoxelrojo.com\/independiente\/wp-json\/wp\/v2\/media\/64116"}],"wp:attachment":[{"href":"https:\/\/www.locoxelrojo.com\/independiente\/wp-json\/wp\/v2\/media?parent=64114"}],"wp:term":[{"taxonomy":"category","embeddable":true,"href":"https:\/\/www.locoxelrojo.com\/independiente\/wp-json\/wp\/v2\/categories?post=64114"},{"taxonomy":"post_tag","embeddable":true,"href":"https:\/\/www.locoxelrojo.com\/independiente\/wp-json\/wp\/v2\/tags?post=64114"}],"curies":[{"name":"wp","href":"https:\/\/api.w.org\/{rel}","templated":true}]}}