{"id":64170,"date":"2016-04-09T22:05:20","date_gmt":"2016-04-10T01:05:20","guid":{"rendered":"http:\/\/www.locoxelrojo.com\/independiente\/?p=64170"},"modified":"2016-04-10T00:59:16","modified_gmt":"2016-04-10T03:59:16","slug":"mal-clima-en-la-previa-y-en-el-final","status":"publish","type":"post","link":"https:\/\/www.locoxelrojo.com\/independiente\/2016\/04\/09\/mal-clima-en-la-previa-y-en-el-final\/","title":{"rendered":"Mal clima en la previa y en el final"},"content":{"rendered":"<p>El clima con la gente en el Libertadores de Am\u00e9rica no fue el mejor. <strong>En la previa del partido por la calle Alsina y en los alrededores del estadio aparecieron pintadas y pasacalles en contra de la comisi\u00f3n directiva. La barra no estuvo dentro del estadio ocupando la tribuna norte y tras el pobre empate 0-0 ante Olimpo el equipo se retir\u00f3 bajo una silbatina que retumb\u00f3 por todo Avellaneda. <\/strong><\/p>\n<p>Al mal tiempo, buena cara dice el dicho popular, pero en Independiente nada de esto pas\u00f3. Las lluvias y los precios altos de las plateas desembocaron en que el estadio luzca muy despoblado, pero ese solo no fue el problema. <strong>Desde hace varios d\u00edas hay una interna entre Los Diablos Rojos y la dirigencia, y esta noche se vio m\u00e1s que nunca. En los alrededores del estadio hubo pintadas y pasacalles en contra de Hugo Moyano, repudiando las represiones que sufren los hinchas antes de ingresar en los \u00faltimos encuentros por parte de la polic\u00eda.<\/strong><\/p>\n<p><a href=\"https:\/\/www.locoxelrojo.com\/independiente\/wp-content\/uploads\/2016\/04\/pasacalle1.jpg\"><img loading=\"lazy\" class=\"alignnone size-full wp-image-64171\" src=\"https:\/\/www.locoxelrojo.com\/independiente\/wp-content\/uploads\/2016\/04\/pasacalle1.jpg\" alt=\"pasacalle1\" width=\"740\" height=\"395\" srcset=\"https:\/\/locoxelrojo.com\/independiente\/wp-content\/uploads\/2016\/04\/pasacalle1.jpg 740w, https:\/\/locoxelrojo.com\/independiente\/wp-content\/uploads\/2016\/04\/pasacalle1-300x160.jpg 300w, https:\/\/locoxelrojo.com\/independiente\/wp-content\/uploads\/2016\/04\/pasacalle1-620x330.jpg 620w\" sizes=\"(max-width: 740px) 100vw, 740px\" \/><\/a><\/p>\n<p><a href=\"https:\/\/www.locoxelrojo.com\/independiente\/wp-content\/uploads\/2016\/04\/pasacalle2.jpg\"><img loading=\"lazy\" class=\"alignnone size-full wp-image-64172\" src=\"https:\/\/www.locoxelrojo.com\/independiente\/wp-content\/uploads\/2016\/04\/pasacalle2.jpg\" alt=\"pasacalle2\" width=\"740\" height=\"395\" srcset=\"https:\/\/locoxelrojo.com\/independiente\/wp-content\/uploads\/2016\/04\/pasacalle2.jpg 740w, https:\/\/locoxelrojo.com\/independiente\/wp-content\/uploads\/2016\/04\/pasacalle2-300x160.jpg 300w, https:\/\/locoxelrojo.com\/independiente\/wp-content\/uploads\/2016\/04\/pasacalle2-620x330.jpg 620w\" sizes=\"(max-width: 740px) 100vw, 740px\" \/><\/a><\/p>\n<p><a href=\"https:\/\/www.locoxelrojo.com\/independiente\/wp-content\/uploads\/2016\/04\/pintada1.jpg\"><img loading=\"lazy\" class=\"alignnone size-full wp-image-64173\" src=\"https:\/\/www.locoxelrojo.com\/independiente\/wp-content\/uploads\/2016\/04\/pintada1.jpg\" alt=\"pintada1\" width=\"740\" height=\"395\" srcset=\"https:\/\/locoxelrojo.com\/independiente\/wp-content\/uploads\/2016\/04\/pintada1.jpg 740w, https:\/\/locoxelrojo.com\/independiente\/wp-content\/uploads\/2016\/04\/pintada1-300x160.jpg 300w, https:\/\/locoxelrojo.com\/independiente\/wp-content\/uploads\/2016\/04\/pintada1-620x330.jpg 620w\" sizes=\"(max-width: 740px) 100vw, 740px\" \/><\/a><\/p>\n<p>Por eso, durante el partido, <strong>se vieron las banderas dadas vueltas en las tribunas y plateas y, adem\u00e1s, el hueco en la Norte Baja d\u00f3nde se ubica habitualmente la barra, que dicho sea de paso, no ingres\u00f3 al estadio y se los vio en las inmediaciones recaudando fondos para que Brisa, una ni\u00f1a de 13 a\u00f1os pueda viajar a China para tratarse por una par\u00e1lisis cerebral.<\/strong><\/p>\n<p>El rendimiento del equipo tampoco ayudo y los hinchas se fueron impacientando con el correr de los minutos. <strong>Exigieron que el equipo ponga m\u00e1s huevos y al finalizar el partido despidi\u00f3 a los jugadores bajo una lluvia de silbidos.<\/strong><\/p>\n<p>Con el resultado consumado, Moyano habl\u00f3 en Ecos del Rojo y dijo:<strong> \u201cNo vi las banderas, no se que pusieron\u201d<\/strong>.<\/p>\n<p><span style=\"color: #999999;\"><em><strong>Fotos: @pablocarrozza<\/strong><\/em><\/span><\/p>\n","protected":false},"excerpt":{"rendered":"<p>El clima con la gente en el Libertadores de Am\u00e9rica no fue el mejor. En la previa del partido por la calle Alsina y en los alrededores del estadio aparecieron pintadas y pasacalles en contra de la comisi\u00f3n directiva. La barra no estuvo dentro del estadio ocupando la tribuna norte y tras el pobre empate [&hellip;]<\/p>\n","protected":false},"author":1,"featured_media":64174,"comment_status":"open","ping_status":"closed","sticky":false,"template":"","format":"standard","meta":{"_links_to":"","_links_to_target":""},"categories":[3,4,1],"tags":[153,140,595],"_links":{"self":[{"href":"https:\/\/www.locoxelrojo.com\/independiente\/wp-json\/wp\/v2\/posts\/64170"}],"collection":[{"href":"https:\/\/www.locoxelrojo.com\/independiente\/wp-json\/wp\/v2\/posts"}],"about":[{"href":"https:\/\/www.locoxelrojo.com\/independiente\/wp-json\/wp\/v2\/types\/post"}],"author":[{"embeddable":true,"href":"https:\/\/www.locoxelrojo.com\/independiente\/wp-json\/wp\/v2\/users\/1"}],"replies":[{"embeddable":true,"href":"https:\/\/www.locoxelrojo.com\/independiente\/wp-json\/wp\/v2\/comments?post=64170"}],"version-history":[{"count":0,"href":"https:\/\/www.locoxelrojo.com\/independiente\/wp-json\/wp\/v2\/posts\/64170\/revisions"}],"wp:featuredmedia":[{"embeddable":true,"href":"https:\/\/www.locoxelrojo.com\/independiente\/wp-json\/wp\/v2\/media\/64174"}],"wp:attachment":[{"href":"https:\/\/www.locoxelrojo.com\/independiente\/wp-json\/wp\/v2\/media?parent=64170"}],"wp:term":[{"taxonomy":"category","embeddable":true,"href":"https:\/\/www.locoxelrojo.com\/independiente\/wp-json\/wp\/v2\/categories?post=64170"},{"taxonomy":"post_tag","embeddable":true,"href":"https:\/\/www.locoxelrojo.com\/independiente\/wp-json\/wp\/v2\/tags?post=64170"}],"curies":[{"name":"wp","href":"https:\/\/api.w.org\/{rel}","templated":true}]}}