{"id":6425,"date":"2011-04-01T22:39:54","date_gmt":"2011-04-02T01:39:54","guid":{"rendered":"http:\/\/www.locoxelrojo.com.ar\/independiente\/?p=6425"},"modified":"2015-09-09T23:46:43","modified_gmt":"2015-09-10T02:46:43","slug":"assman-nos-dijimos-las-cosas-que-nos-teniamos-que-decir-en-el-entretiempo","status":"publish","type":"post","link":"https:\/\/www.locoxelrojo.com\/independiente\/2011\/04\/01\/assman-nos-dijimos-las-cosas-que-nos-teniamos-que-decir-en-el-entretiempo\/","title":{"rendered":"Assmann: &#8220;Nos dijimos las cosas que nos ten\u00edamos que decir en el entretiempo&#8221;"},"content":{"rendered":"<p><a href=\"http:\/\/www.locoxelrojo.com.ar\/independiente\/wp-content\/uploads\/2011\/04\/Fabian_Assman.jpg\"><img loading=\"lazy\" class=\"alignnone size-full wp-image-6426\" title=\"Fabian_Assman\" src=\"http:\/\/www.locoxelrojo.com.ar\/independiente\/wp-content\/uploads\/2011\/04\/Fabian_Assman.jpg\" alt=\"\" width=\"590\" height=\"315\" srcset=\"https:\/\/locoxelrojo.com\/independiente\/wp-content\/uploads\/2011\/04\/Fabian_Assman.jpg 590w, https:\/\/locoxelrojo.com\/independiente\/wp-content\/uploads\/2011\/04\/Fabian_Assman-300x160.jpg 300w\" sizes=\"(max-width: 590px) 100vw, 590px\" \/><\/a><\/p>\n<p>Fabi\u00e1n Assman dialog\u00f3 con Canal 7 luego del triunfo en el \u00faltimo minuto sobre Gimnasia La Plata.<strong> &#8220;Tuvimos un primer tiempo un poco flojo pero nos dijimos las cosas que nos ten\u00edamos que decir en el entretiempo&#8221;<\/strong>, manifest\u00f3 el arquero quien fue uno de los principales art\u00edfices de la victoria.<\/p>\n<p>&#8220;<strong>El Turco y nosotros entendimos que ten\u00edamos que meterle con actitud, eso no pod\u00eda faltar y lo ganamos por eso&#8221;, <\/strong>asegur\u00f3 quien tap\u00f3 varias pelotas a Neira y Romea convirti\u00e9ndose en la figura del Rojo. Cuando le preguntaron sobre las prioridades de aqu\u00ed en adelante, el arquero explic\u00f3 que ambos frentes son importantes. &#8220;<strong>Pensamos en todo -copa y campeonato-, esto es un env\u00edon an\u00edmico muy importante. Ojal\u00e1 que sea el comienzo y podamos clasificar en la Copa que es muy importante tambi\u00e9n&#8221;<\/strong>, concluy\u00f3.<\/p>\n<p><strong><em>Mir\u00e1 el video con las declaraciones de Fabi\u00e1n Assman y Facundo Parra:<\/em><\/strong><\/p>\n<p><object style=\"height: 315px; width: 595px;\" width=\"100\" height=\"100\" classid=\"clsid:d27cdb6e-ae6d-11cf-96b8-444553540000\" codebase=\"http:\/\/download.macromedia.com\/pub\/shockwave\/cabs\/flash\/swflash.cab#version=6,0,40,0\"><param name=\"allowFullScreen\" value=\"true\" \/><param name=\"allowScriptAccess\" value=\"always\" \/><param name=\"src\" value=\"http:\/\/www.youtube.com\/v\/GsUdMfp3TPM?version=3\" \/><param name=\"allowfullscreen\" value=\"true\" \/><embed style=\"height: 315px; width: 595px;\" type=\"application\/x-shockwave-flash\" width=\"100\" height=\"100\" src=\"http:\/\/www.youtube.com\/v\/GsUdMfp3TPM?version=3\" allowscriptaccess=\"always\" allowfullscreen=\"true\"><\/embed><\/object><\/p>\n","protected":false},"excerpt":{"rendered":"<p>Fabi\u00e1n Assman dialog\u00f3 con Canal 7 luego del triunfo en el \u00faltimo minuto sobre Gimnasia La Plata. &#8220;Tuvimos un primer tiempo un poco flojo pero nos dijimos las cosas que nos ten\u00edamos que decir en el entretiempo&#8221;, manifest\u00f3 el arquero quien fue uno de los principales art\u00edfices de la victoria. &#8220;El Turco y nosotros entendimos [&hellip;]<\/p>\n","protected":false},"author":1,"featured_media":0,"comment_status":"open","ping_status":"open","sticky":false,"template":"","format":"standard","meta":{"_links_to":"","_links_to_target":""},"categories":[3,1],"tags":[153,78,483],"_links":{"self":[{"href":"https:\/\/www.locoxelrojo.com\/independiente\/wp-json\/wp\/v2\/posts\/6425"}],"collection":[{"href":"https:\/\/www.locoxelrojo.com\/independiente\/wp-json\/wp\/v2\/posts"}],"about":[{"href":"https:\/\/www.locoxelrojo.com\/independiente\/wp-json\/wp\/v2\/types\/post"}],"author":[{"embeddable":true,"href":"https:\/\/www.locoxelrojo.com\/independiente\/wp-json\/wp\/v2\/users\/1"}],"replies":[{"embeddable":true,"href":"https:\/\/www.locoxelrojo.com\/independiente\/wp-json\/wp\/v2\/comments?post=6425"}],"version-history":[{"count":0,"href":"https:\/\/www.locoxelrojo.com\/independiente\/wp-json\/wp\/v2\/posts\/6425\/revisions"}],"wp:attachment":[{"href":"https:\/\/www.locoxelrojo.com\/independiente\/wp-json\/wp\/v2\/media?parent=6425"}],"wp:term":[{"taxonomy":"category","embeddable":true,"href":"https:\/\/www.locoxelrojo.com\/independiente\/wp-json\/wp\/v2\/categories?post=6425"},{"taxonomy":"post_tag","embeddable":true,"href":"https:\/\/www.locoxelrojo.com\/independiente\/wp-json\/wp\/v2\/tags?post=6425"}],"curies":[{"name":"wp","href":"https:\/\/api.w.org\/{rel}","templated":true}]}}