{"id":6428,"date":"2011-04-01T22:59:14","date_gmt":"2011-04-02T01:59:14","guid":{"rendered":"http:\/\/www.locoxelrojo.com.ar\/independiente\/?p=6428"},"modified":"2015-09-09T23:46:54","modified_gmt":"2015-09-10T02:46:54","slug":"facundo-parra-corrimos-y-dejamos-todo","status":"publish","type":"post","link":"https:\/\/www.locoxelrojo.com\/independiente\/2011\/04\/01\/facundo-parra-corrimos-y-dejamos-todo\/","title":{"rendered":"Parra: &#8220;Corrimos y dejamos todo&#8221;"},"content":{"rendered":"<p><a href=\"http:\/\/www.locoxelrojo.com.ar\/independiente\/wp-content\/uploads\/2011\/04\/Facundo_Parra.jpg\"><img loading=\"lazy\" class=\"alignnone size-full wp-image-6429\" title=\"Facundo_Parra\" src=\"http:\/\/www.locoxelrojo.com.ar\/independiente\/wp-content\/uploads\/2011\/04\/Facundo_Parra.jpg\" alt=\"\" width=\"590\" height=\"315\" srcset=\"https:\/\/locoxelrojo.com\/independiente\/wp-content\/uploads\/2011\/04\/Facundo_Parra.jpg 590w, https:\/\/locoxelrojo.com\/independiente\/wp-content\/uploads\/2011\/04\/Facundo_Parra-300x160.jpg 300w\" sizes=\"(max-width: 590px) 100vw, 590px\" \/><\/a><\/p>\n<p>Si bien no dialogan con los medios que est\u00e1n de lunes a lunes en Villa Dom\u00ednico, si lo hacen con Fox Sports y Canal 7. Luego del partido, otro de los que habl\u00f3 fue Facundo Parra. El delantero quien ingres\u00f3 por Iv\u00e1n V\u00e9lez promediando el primer tiempo destac\u00f3 que <strong>&#8220;lo ganamos con la actitud del segundo tiempo&#8221;. Igualmente, entendi\u00f3 que &#8220;tuvimos un gran segundo tiempo porque si bien no jug\u00f3 bien, tuvimos un hombre menos, corrimos y dejamos todo&#8221;.<\/strong><\/p>\n<p>Al igual que Fabi\u00e1n Assman, el delantero destac\u00f3 que fue importante terminar los primeros 45 minutos para verse las caras en el vestuario.<strong> &#8220;Era lo que hablamos en el entretiempo. En el primer tiempo estuvimos bien hasta los 15 minutos, despu\u00e9s no ca\u00edmos un poco y ten\u00edamos que revertir eso&#8221;<\/strong>, cerr\u00f3.<\/p>\n<p><strong><em>Mir\u00e1 el video con las declaraciones de Fabi\u00e1n Assman y Facundo Parra:<\/em><\/strong><\/p>\n<p><object style=\"height: 315px; width: 595px;\" width=\"100\" height=\"100\" classid=\"clsid:d27cdb6e-ae6d-11cf-96b8-444553540000\" codebase=\"http:\/\/download.macromedia.com\/pub\/shockwave\/cabs\/flash\/swflash.cab#version=6,0,40,0\"><param name=\"allowFullScreen\" value=\"true\" \/><param name=\"allowScriptAccess\" value=\"always\" \/><param name=\"src\" value=\"http:\/\/www.youtube.com\/v\/GsUdMfp3TPM?version=3\" \/><param name=\"allowfullscreen\" value=\"true\" \/><embed style=\"height: 315px; width: 595px;\" type=\"application\/x-shockwave-flash\" width=\"100\" height=\"100\" src=\"http:\/\/www.youtube.com\/v\/GsUdMfp3TPM?version=3\" allowscriptaccess=\"always\" allowfullscreen=\"true\"><\/embed><\/object><\/p>\n","protected":false},"excerpt":{"rendered":"<p>Si bien no dialogan con los medios que est\u00e1n de lunes a lunes en Villa Dom\u00ednico, si lo hacen con Fox Sports y Canal 7. Luego del partido, otro de los que habl\u00f3 fue Facundo Parra. El delantero quien ingres\u00f3 por Iv\u00e1n V\u00e9lez promediando el primer tiempo destac\u00f3 que &#8220;lo ganamos con la actitud del [&hellip;]<\/p>\n","protected":false},"author":1,"featured_media":0,"comment_status":"open","ping_status":"open","sticky":false,"template":"","format":"standard","meta":{"_links_to":"","_links_to_target":""},"categories":[3,1],"tags":[153,36,483],"_links":{"self":[{"href":"https:\/\/www.locoxelrojo.com\/independiente\/wp-json\/wp\/v2\/posts\/6428"}],"collection":[{"href":"https:\/\/www.locoxelrojo.com\/independiente\/wp-json\/wp\/v2\/posts"}],"about":[{"href":"https:\/\/www.locoxelrojo.com\/independiente\/wp-json\/wp\/v2\/types\/post"}],"author":[{"embeddable":true,"href":"https:\/\/www.locoxelrojo.com\/independiente\/wp-json\/wp\/v2\/users\/1"}],"replies":[{"embeddable":true,"href":"https:\/\/www.locoxelrojo.com\/independiente\/wp-json\/wp\/v2\/comments?post=6428"}],"version-history":[{"count":0,"href":"https:\/\/www.locoxelrojo.com\/independiente\/wp-json\/wp\/v2\/posts\/6428\/revisions"}],"wp:attachment":[{"href":"https:\/\/www.locoxelrojo.com\/independiente\/wp-json\/wp\/v2\/media?parent=6428"}],"wp:term":[{"taxonomy":"category","embeddable":true,"href":"https:\/\/www.locoxelrojo.com\/independiente\/wp-json\/wp\/v2\/categories?post=6428"},{"taxonomy":"post_tag","embeddable":true,"href":"https:\/\/www.locoxelrojo.com\/independiente\/wp-json\/wp\/v2\/tags?post=6428"}],"curies":[{"name":"wp","href":"https:\/\/api.w.org\/{rel}","templated":true}]}}