{"id":64298,"date":"2016-04-17T19:40:39","date_gmt":"2016-04-17T22:40:39","guid":{"rendered":"http:\/\/www.locoxelrojo.com\/independiente\/?p=64298"},"modified":"2016-04-17T21:43:50","modified_gmt":"2016-04-18T00:43:50","slug":"domingo-blanco-tuvo-su-debut","status":"publish","type":"post","link":"https:\/\/www.locoxelrojo.com\/independiente\/2016\/04\/17\/domingo-blanco-tuvo-su-debut\/","title":{"rendered":"Domingo Blanco tuvo su debut"},"content":{"rendered":"<p>Tras ser convocado por primera vez por Mauricio Pellegrino, <strong>Domingo Blanco hizo su presentaci\u00f3n oficial en la Primera de Independiente ante V\u00e9lez<\/strong>. Jug\u00f3 21 minutos en el complemento con la casaca n\u00famero 31.<\/p>\n<p>Las lesiones de Mart\u00edn Ben\u00edtez y Diego Vera les abrieron las puertas a las figuras de la Reserva. <strong>Blanco y Gast\u00f3n Del Castillo se ganaron un lugar en el banco de suplentes contra el Fort\u00edn<\/strong>, pero fue el primero el que se dio el gusto de debutar en el estadio Jos\u00e9 Amalfitani.<\/p>\n<p>El DT mand\u00f3 a la cancha a Blanco a los 24 minutos del segundo tiempo en reemplazo de Claudio Aquino. Con el &#8220;31&#8221; en la espalda, <strong>al juvenil se lo vio un poco acelerado en su primer partido, aunque siempre busc\u00f3 asociarse con sus compa\u00f1eros en el frente de ataque<\/strong>.<\/p>\n","protected":false},"excerpt":{"rendered":"<p>Tras ser convocado por primera vez por Mauricio Pellegrino, Domingo Blanco hizo su presentaci\u00f3n oficial en la Primera de Independiente ante V\u00e9lez. Jug\u00f3 21 minutos en el complemento con la casaca n\u00famero 31. Las lesiones de Mart\u00edn Ben\u00edtez y Diego Vera les abrieron las puertas a las figuras de la Reserva. Blanco y Gast\u00f3n Del [&hellip;]<\/p>\n","protected":false},"author":8,"featured_media":64295,"comment_status":"open","ping_status":"closed","sticky":false,"template":"","format":"standard","meta":{"_links_to":"","_links_to_target":""},"categories":[3,1],"tags":[153,2958,3121,2722],"_links":{"self":[{"href":"https:\/\/www.locoxelrojo.com\/independiente\/wp-json\/wp\/v2\/posts\/64298"}],"collection":[{"href":"https:\/\/www.locoxelrojo.com\/independiente\/wp-json\/wp\/v2\/posts"}],"about":[{"href":"https:\/\/www.locoxelrojo.com\/independiente\/wp-json\/wp\/v2\/types\/post"}],"author":[{"embeddable":true,"href":"https:\/\/www.locoxelrojo.com\/independiente\/wp-json\/wp\/v2\/users\/8"}],"replies":[{"embeddable":true,"href":"https:\/\/www.locoxelrojo.com\/independiente\/wp-json\/wp\/v2\/comments?post=64298"}],"version-history":[{"count":0,"href":"https:\/\/www.locoxelrojo.com\/independiente\/wp-json\/wp\/v2\/posts\/64298\/revisions"}],"wp:featuredmedia":[{"embeddable":true,"href":"https:\/\/www.locoxelrojo.com\/independiente\/wp-json\/wp\/v2\/media\/64295"}],"wp:attachment":[{"href":"https:\/\/www.locoxelrojo.com\/independiente\/wp-json\/wp\/v2\/media?parent=64298"}],"wp:term":[{"taxonomy":"category","embeddable":true,"href":"https:\/\/www.locoxelrojo.com\/independiente\/wp-json\/wp\/v2\/categories?post=64298"},{"taxonomy":"post_tag","embeddable":true,"href":"https:\/\/www.locoxelrojo.com\/independiente\/wp-json\/wp\/v2\/tags?post=64298"}],"curies":[{"name":"wp","href":"https:\/\/api.w.org\/{rel}","templated":true}]}}