{"id":64450,"date":"2016-04-25T23:30:30","date_gmt":"2016-04-26T02:30:30","guid":{"rendered":"http:\/\/www.locoxelrojo.com\/independiente\/?p=64450"},"modified":"2016-04-26T02:51:58","modified_gmt":"2016-04-26T05:51:58","slug":"p-moyano-el-objetivo-es-salir-campeon-pensar-en-entrar-a-una-copa-raspando-es-de-club-chico","status":"publish","type":"post","link":"https:\/\/www.locoxelrojo.com\/independiente\/2016\/04\/25\/p-moyano-el-objetivo-es-salir-campeon-pensar-en-entrar-a-una-copa-raspando-es-de-club-chico\/","title":{"rendered":"P. Moyano: \u201cEl objetivo es salir campe\u00f3n, pensar en entrar a una copa raspando es de club chico\u201d"},"content":{"rendered":"<p><strong>Pablo Moyano<\/strong> se mostr\u00f3 optimista sobre la posibilidad de pelear el campeonato hasta el final y remarc\u00f3 que el objetivo es ganar el torneo. Adem\u00e1s, no confirm\u00f3 la continuidad de Mauricio Pellegrino.<\/p>\n<p><strong>\u201cEl objetivo en un club tan grande como Independiente es salir campe\u00f3n. Si yo me pongo el objetivo de entrar a una copa raspando, por un gol m\u00e1s o un gol menos, eso ser\u00eda de un club chico\u201d<\/strong>, enfatiz\u00f3 el dirigente en di\u00e1logo con Ecos del Rojo, y enseguida remarc\u00f3: <strong>\u201cUno hace el esfuerzo para ganar todo lo que juegue Independiente, no nos conformamos con peque\u00f1as cosas. Desde el primer hincha hasta el \u00faltimo est\u00e1n esperando ganar un campeonato\u201d<\/strong>.<\/p>\n<p>El hijo del presidente no descart\u00f3 a Independiente de la lucha por el primer puesto: <strong>\u201cMatem\u00e1ticamente estamos con posibilidades y hasta el \u00faltimo minuto vamos a estar apoyando tanto al t\u00e9cnico como al plantel. Estamos convencidos de que vamos a llegar a la \u00faltima fecha con posibilidades\u201d<\/strong>.<\/p>\n<p>El vocal y presidente del F\u00fatbol Amateur\u00a0tambi\u00e9n fue consultado sobre el trabajo del entrenador y la renovaci\u00f3n de su contrato, que vence en junio: <strong>\u201cFaltando cuatro fechas, estamos todos apoyando al plantel y al t\u00e9cnico y no vamos a salir a decir si le vamos a renovar o no. El objetivo es la final en mayo y despu\u00e9s se analizar\u00e1. La decisi\u00f3n la tiene el presidente\u201d<\/strong>. Asimismo, confes\u00f3 que <strong>\u201cqueda el sabor amargo de que los partidos claves no se ganaron\u201d<\/strong>.<\/p>\n<p><strong>\u201cPellegrino est\u00e1 tratando de llegar a la final y ser\u00eda una falta de respeto estar hablando de otro t\u00e9cnico\u201d<\/strong>, a\u00f1adi\u00f3 sobre la continuidad del DT, y compar\u00f3 la situaci\u00f3n con la salida de Jorge Almir\u00f3n: <strong>\u201cNo queremos cometer la locura de echar otro t\u00e9cnico antes de tiempo. Hoy Lan\u00fas es puntero con un r\u00e9cord b\u00e1rbaro y Godoy Cruz tiene la base de Almir\u00f3n. Esperemos que se le renueve porque fuimos campeones y entramos a la Libertadores\u201d<\/strong>.<\/p>\n<p>&nbsp;<\/p>\n<p><strong><span style=\"text-decoration: underline;\">M\u00e1s frases de Pablo Moyano<\/span><\/strong><\/p>\n<p><strong>La\u00a0nueva\u00a0lesi\u00f3n de Cristian Rodr\u00edguez:<\/strong> \u201cLo tomamos con preocupaci\u00f3n. Cre\u00edamos que ya se hab\u00eda recuperado. Esperemos que pueda jugar los \u00faltimos dos partidos y haga una buena pretemporada para que el pr\u00f3ximo semestre, que tenemos la Copa Argentina y la Sudamericana, est\u00e9 en condiciones\u201d<\/p>\n<p><strong>Germ\u00e1n Denis como suplente:<\/strong> \u201cSab\u00edamos que esto iba a pasar. Nunca\u00a0le voy a decir al t\u00e9cnico si tiene que meter o sacar un jugador.\u00a0Se ha hablado con el jugador,\u00a0la tiene clara, no es que est\u00e9 fallando, sino que no puede rendir como \u00e9l quiere. Faltan cuatro partidos, ojal\u00e1 pueda jugar y hacer una buena pretemporada para afrontar las tres competencias del semestre que viene\u201d<\/p>\n<p><strong>\u00bfHugo Moyano candidato a presidente de AFA?:<\/strong> \u201cEl tema de AFA todav\u00eda no est\u00e1 resuelto. Desde el gremio vamos a pedir que contin\u00fae en la CGT, despu\u00e9s ser\u00e1 su decisi\u00f3n si quiere encabezar AFA como algunos clubes le est\u00e1n pidiendo\u201d<\/p>\n<p><strong>Los cruces con Marcelo Tinelli:<\/strong> \u201cHabr\u00eda que preguntarle a \u00e9l\u00a0por qu\u00e9 ese odio a Independiente. Puede ser la envidia. El sue\u00f1o de \u00e9l es tener siete\u00a0Copas Libertadores, creo que pasa por ah\u00ed\u201d<\/p>\n<p><strong>La terminaci\u00f3n del Libertadores de Am\u00e9rica:<\/strong> \u201cMi objetivo es terminar el estadio en diciembre. Ya hemos avanzado en la obra. Se ha pagado el 30% y a trav\u00e9s de algunos sponsors conseguimos en forma gratuita todos los sanitarios, televisores y aires para los palcos. Ya hablamos con los arquitectos y si el presidente los autoriza ten\u00edan la idea de viajar a Brasil a hablar con las empresas que techaron los estadios para el Mundial\u201d<\/p>\n<p><strong>Los sondeos y posibles ofertas por V\u00edctor Cuesta:<\/strong> \u201cSi vienen con 10 palos verdes lo llevamos a caballito, ja. Est\u00e1n m\u00e1s apurados en venderlo los representantes que el club. Nos vamos a tirar nuevamente a la Sudamericana, la Copa Argentina y el campeonato, y \u00e9l va a ser una pieza fundamental, es uno de los\u00a0mejores defensores del f\u00fatbol argentino\u201d<\/p>\n","protected":false},"excerpt":{"rendered":"<p>Pablo Moyano se mostr\u00f3 optimista sobre la posibilidad de pelear el campeonato hasta el final y remarc\u00f3 que el objetivo es ganar el torneo. Adem\u00e1s, no confirm\u00f3 la continuidad de Mauricio Pellegrino. \u201cEl objetivo en un club tan grande como Independiente es salir campe\u00f3n. Si yo me pongo el objetivo de entrar a una copa [&hellip;]<\/p>\n","protected":false},"author":8,"featured_media":52819,"comment_status":"open","ping_status":"closed","sticky":false,"template":"","format":"standard","meta":{"_links_to":"","_links_to_target":""},"categories":[3,1],"tags":[140,2166,439],"_links":{"self":[{"href":"https:\/\/www.locoxelrojo.com\/independiente\/wp-json\/wp\/v2\/posts\/64450"}],"collection":[{"href":"https:\/\/www.locoxelrojo.com\/independiente\/wp-json\/wp\/v2\/posts"}],"about":[{"href":"https:\/\/www.locoxelrojo.com\/independiente\/wp-json\/wp\/v2\/types\/post"}],"author":[{"embeddable":true,"href":"https:\/\/www.locoxelrojo.com\/independiente\/wp-json\/wp\/v2\/users\/8"}],"replies":[{"embeddable":true,"href":"https:\/\/www.locoxelrojo.com\/independiente\/wp-json\/wp\/v2\/comments?post=64450"}],"version-history":[{"count":0,"href":"https:\/\/www.locoxelrojo.com\/independiente\/wp-json\/wp\/v2\/posts\/64450\/revisions"}],"wp:featuredmedia":[{"embeddable":true,"href":"https:\/\/www.locoxelrojo.com\/independiente\/wp-json\/wp\/v2\/media\/52819"}],"wp:attachment":[{"href":"https:\/\/www.locoxelrojo.com\/independiente\/wp-json\/wp\/v2\/media?parent=64450"}],"wp:term":[{"taxonomy":"category","embeddable":true,"href":"https:\/\/www.locoxelrojo.com\/independiente\/wp-json\/wp\/v2\/categories?post=64450"},{"taxonomy":"post_tag","embeddable":true,"href":"https:\/\/www.locoxelrojo.com\/independiente\/wp-json\/wp\/v2\/tags?post=64450"}],"curies":[{"name":"wp","href":"https:\/\/api.w.org\/{rel}","templated":true}]}}