{"id":64455,"date":"2016-04-26T14:12:13","date_gmt":"2016-04-26T17:12:13","guid":{"rendered":"http:\/\/www.locoxelrojo.com\/independiente\/?p=64455"},"modified":"2016-04-26T14:12:13","modified_gmt":"2016-04-26T17:12:13","slug":"vuelta-amistosa","status":"publish","type":"post","link":"https:\/\/www.locoxelrojo.com\/independiente\/2016\/04\/26\/vuelta-amistosa\/","title":{"rendered":"Vuelta amistosa"},"content":{"rendered":"<p>Tras el empate 0-0 en el Cl\u00e1sico de Avellaneda y el lunes libre que le otorg\u00f3 Mauricio Pellegrino, el plantel de Independiente regres\u00f3 este martes a los entrenamientos. <strong>Hubo trabajos con pelota y un amistoso con un combinado de Reserva.<\/strong><\/p>\n<p>Independiente volvi\u00f3 esta ma\u00f1ana a los entrenamientos en el predio de Villa Dom\u00ednico. <strong>La pr\u00e1ctica comenz\u00f3 con una entrada en calor bajo las \u00f3rdenes del profe Gabriel Macaya. Luego, hubo movimientos con pelota y ejercicios regenerativos para los que tuvieron minutos en cancha ante Racing, mientras que los arqueros se movieron junto a Pablo Cavallero.<\/strong><\/p>\n<p>La ma\u00f1ana finaliz\u00f3 con un amistoso entre los suplentes junto a los que no participaron del cl\u00e1sico frente a un combinado de Reserva. Pellegrino puso en cancha a: <strong>Gonzalo Rehak; Sa\u00fal Nelle, Rodrigo Moreira, Emanuel Aguilera, Juan Manuel Trejo; Domingo Blanco, Juli\u00e1n Vitale, Diego Rodr\u00edguez Berrini, Mart\u00edn Ben\u00edtez; Rodrigo G\u00f3mez y Germ\u00e1n Denis.<\/strong><\/p>\n<p>Por su parte, la buena noticia la dio Lucas Albertengo. <strong>El delantero particip\u00f3 del encuentro, form\u00f3 parte del combinado de juveniles, y es muy probable que est\u00e9 a disposici\u00f3n de Fernando Ber\u00f3n para jugar en Reserva ante San Lorenzo el pr\u00f3ximo fin de semana.<\/strong><\/p>\n<p><em><span style=\"color: #999999;\"><strong>Foto: Club Atl\u00e9tico Independiente<\/strong><\/span><\/em><\/p>\n","protected":false},"excerpt":{"rendered":"<p>Tras el empate 0-0 en el Cl\u00e1sico de Avellaneda y el lunes libre que le otorg\u00f3 Mauricio Pellegrino, el plantel de Independiente regres\u00f3 este martes a los entrenamientos. Hubo trabajos con pelota y un amistoso con un combinado de Reserva. Independiente volvi\u00f3 esta ma\u00f1ana a los entrenamientos en el predio de Villa Dom\u00ednico. La pr\u00e1ctica [&hellip;]<\/p>\n","protected":false},"author":1,"featured_media":64456,"comment_status":"open","ping_status":"closed","sticky":false,"template":"","format":"standard","meta":{"_links_to":"","_links_to_target":""},"categories":[3,1],"tags":[26,2839,2166,172],"_links":{"self":[{"href":"https:\/\/www.locoxelrojo.com\/independiente\/wp-json\/wp\/v2\/posts\/64455"}],"collection":[{"href":"https:\/\/www.locoxelrojo.com\/independiente\/wp-json\/wp\/v2\/posts"}],"about":[{"href":"https:\/\/www.locoxelrojo.com\/independiente\/wp-json\/wp\/v2\/types\/post"}],"author":[{"embeddable":true,"href":"https:\/\/www.locoxelrojo.com\/independiente\/wp-json\/wp\/v2\/users\/1"}],"replies":[{"embeddable":true,"href":"https:\/\/www.locoxelrojo.com\/independiente\/wp-json\/wp\/v2\/comments?post=64455"}],"version-history":[{"count":0,"href":"https:\/\/www.locoxelrojo.com\/independiente\/wp-json\/wp\/v2\/posts\/64455\/revisions"}],"wp:featuredmedia":[{"embeddable":true,"href":"https:\/\/www.locoxelrojo.com\/independiente\/wp-json\/wp\/v2\/media\/64456"}],"wp:attachment":[{"href":"https:\/\/www.locoxelrojo.com\/independiente\/wp-json\/wp\/v2\/media?parent=64455"}],"wp:term":[{"taxonomy":"category","embeddable":true,"href":"https:\/\/www.locoxelrojo.com\/independiente\/wp-json\/wp\/v2\/categories?post=64455"},{"taxonomy":"post_tag","embeddable":true,"href":"https:\/\/www.locoxelrojo.com\/independiente\/wp-json\/wp\/v2\/tags?post=64455"}],"curies":[{"name":"wp","href":"https:\/\/api.w.org\/{rel}","templated":true}]}}