{"id":64467,"date":"2016-04-26T16:15:23","date_gmt":"2016-04-26T19:15:23","guid":{"rendered":"http:\/\/www.locoxelrojo.com\/independiente\/?p=64467"},"modified":"2016-04-26T22:34:55","modified_gmt":"2016-04-27T01:34:55","slug":"rojos-por-el-mundo-al-kun-se-le-corto-la-racha-contra-real-madrid","status":"publish","type":"post","link":"https:\/\/www.locoxelrojo.com\/independiente\/2016\/04\/26\/rojos-por-el-mundo-al-kun-se-le-corto-la-racha-contra-real-madrid\/","title":{"rendered":"Rojos por el Mundo: al Kun se le cort\u00f3 la racha contra Real Madrid"},"content":{"rendered":"<p><strong>Sergio Ag\u00fcero, quien ven\u00eda de anotar 5 goles en los \u00faltimos tres partidos de Manchester City, no pudo gritar en la ida de la semifinal de la Champions League ante Real Madrid. El encuentro finaliz\u00f3 0-0, y ahora el pase a la final se definir\u00e1 el pr\u00f3ximo mi\u00e9rcoles en el Santiago Bernabeu.<\/strong><\/p>\n<p><strong>Sergio Ag\u00fcero (Manchester City \u2013 Inglaterra): <\/strong>complet\u00f3 los 90 minutos en el 0-0 ante el conjunto Merengue. Tuvo una sola clara: un zurdazo que sali\u00f3 por arriba del travesa\u00f1o en el complemento. Mientras que por Premier, hab\u00eda anotado de penal ante el Stoke (victoria 4-0). En la liga lleva 23 goles y est\u00e1 a uno del m\u00e1ximo artillero.<\/p>\n<p><strong>Federico Mancuello (Flamengo \u2013 Brasil):<\/strong> el mi\u00e9rcoles hizo su segundo gol en la Copa de Brasil en el 3-0 ante Confianza. Mientras que el domingo complet\u00f3 los 90\u2019 en la derrota 2-0 ante Vasco da Gama por la Semifinal del torneo Carioca.<\/p>\n<p><strong>Ismael\u00a0Sosa (Pumas \u2013 M\u00e9xico):<\/strong> ingres\u00f3 en a los 13\u2019 del complemento y faltando dos minutos para el cierre, hizo el 3-1 que sell\u00f3 la victoria de su equipo ante Tijuana. El Chuco lleva 20 gritos esta temporada.<\/p>\n<p><strong>Diego Chur\u00edn (Uni\u00f3n Espa\u00f1ola \u2013 Chile):<\/strong> hizo el gol de descuento ante Deportes Iquique y sobre el final del encuentro, su equipo se llev\u00f3 la victoria ag\u00f3nicamente. El 3-2 le dio aire a los Hispanos para salir de las \u00faltimas posiciones. El delantero lleva 8 gritos en 14 partidos durante 2016.<\/p>\n<p><strong>Lucas Biglia (Lazio \u2013 Italia):<\/strong> jug\u00f3 de titular los 90 minutos en la derrota 2-1 como visitante ante Sampdoria. A tres fechas del final, su equipo qued\u00f3 sin chances de clasificar a ninguna competici\u00f3n europea.<\/p>\n<p><strong>Mat\u00edas Pisano (Cruzeiro \u2013 Brasil):<\/strong> ingres\u00f3 en el segundo tiempo en el empate sin goles ante Am\u00e9rica Mineiro. En los 21 minutos que jug\u00f3 no gravit\u00f3 y vio la tarjeta amarilla.<\/p>\n<p><strong>Lucas Villalba (Atl\u00e9tico Tucum\u00e1n \u2013 Argentina):<\/strong> ya se asent\u00f3 como doble \u201c5\u201d en el Decano. Fue titular en el empate 0-0 ante Belgrano como visitante. A los 20\u2019 del complemento fue reemplazado. Debe volver al Rojo en junio de 2017.<\/p>\n<p><strong>Jorge Figal (Olimpo \u2013 Argentina):<\/strong> tanto el defensor como <strong>Francisco Pizzini<\/strong> (80\u2019) estuvieron desde el arranque en la victoria 2-1 frente a Aldosivi (<strong>Sebasti\u00e1n Penco<\/strong>: 90\u2019). Ambos juveniles regresan al club en junio de 2017.<\/p>\n<p><strong>Sergio Ojeda (Gimnasia de Jujuy \u2013 Argentina):<\/strong> complet\u00f3 los 90 minutos en el ajustado triunfo 1-0 contra All Boys en Floresta. A los 28\u2019 fue amonestado. Por su parte, <strong>Gabriel Arce<\/strong> no estuvo dentro de la n\u00f3mina de 18. El Lobo es uno de los escoltas y se encuentra a 4 puntos del l\u00edder, Talleres.<\/p>\n<p><strong>Christian Ort\u00edz (San Mart\u00edn Porres &#8211; Per\u00fa):<\/strong> fue titular, jug\u00f3 los 90 minutos pero su equipo perdi\u00f3 1-0 como local ante Juan Aurich. El Titi lleva 4 goles en 9 encuentros y es el goleador del conjunto de lime\u00f1o.<\/p>\n","protected":false},"excerpt":{"rendered":"<p>Sergio Ag\u00fcero, quien ven\u00eda de anotar 5 goles en los \u00faltimos tres partidos de Manchester City, no pudo gritar en la ida de la semifinal de la Champions League ante Real Madrid. El encuentro finaliz\u00f3 0-0, y ahora el pase a la final se definir\u00e1 el pr\u00f3ximo mi\u00e9rcoles en el Santiago Bernabeu. Sergio Ag\u00fcero (Manchester [&hellip;]<\/p>\n","protected":false},"author":19,"featured_media":64468,"comment_status":"open","ping_status":"closed","sticky":false,"template":"","format":"standard","meta":{"_links_to":"","_links_to_target":""},"categories":[2043,1],"tags":[2356,455,48,834,171,2253,534,93,950,2243,2625,3277,702,143,997],"_links":{"self":[{"href":"https:\/\/www.locoxelrojo.com\/independiente\/wp-json\/wp\/v2\/posts\/64467"}],"collection":[{"href":"https:\/\/www.locoxelrojo.com\/independiente\/wp-json\/wp\/v2\/posts"}],"about":[{"href":"https:\/\/www.locoxelrojo.com\/independiente\/wp-json\/wp\/v2\/types\/post"}],"author":[{"embeddable":true,"href":"https:\/\/www.locoxelrojo.com\/independiente\/wp-json\/wp\/v2\/users\/19"}],"replies":[{"embeddable":true,"href":"https:\/\/www.locoxelrojo.com\/independiente\/wp-json\/wp\/v2\/comments?post=64467"}],"version-history":[{"count":0,"href":"https:\/\/www.locoxelrojo.com\/independiente\/wp-json\/wp\/v2\/posts\/64467\/revisions"}],"wp:featuredmedia":[{"embeddable":true,"href":"https:\/\/www.locoxelrojo.com\/independiente\/wp-json\/wp\/v2\/media\/64468"}],"wp:attachment":[{"href":"https:\/\/www.locoxelrojo.com\/independiente\/wp-json\/wp\/v2\/media?parent=64467"}],"wp:term":[{"taxonomy":"category","embeddable":true,"href":"https:\/\/www.locoxelrojo.com\/independiente\/wp-json\/wp\/v2\/categories?post=64467"},{"taxonomy":"post_tag","embeddable":true,"href":"https:\/\/www.locoxelrojo.com\/independiente\/wp-json\/wp\/v2\/tags?post=64467"}],"curies":[{"name":"wp","href":"https:\/\/api.w.org\/{rel}","templated":true}]}}