{"id":64508,"date":"2016-04-29T17:14:58","date_gmt":"2016-04-29T20:14:58","guid":{"rendered":"http:\/\/www.locoxelrojo.com\/independiente\/?p=64508"},"modified":"2016-04-29T23:51:42","modified_gmt":"2016-04-30T02:51:42","slug":"concentrados-vs-san-lorenzo-vuelve-gaston-del-castillo","status":"publish","type":"post","link":"https:\/\/www.locoxelrojo.com\/independiente\/2016\/04\/29\/concentrados-vs-san-lorenzo-vuelve-gaston-del-castillo\/","title":{"rendered":"Concentrados vs. San Lorenzo: vuelve Gast\u00f3n Del Castillo"},"content":{"rendered":"<p><strong>Mauricio Pellegrino entreg\u00f3 la lista de jugadores concentrados de cara al cl\u00e1sico frente a San Lorenzo. Son 19 citados, por lo que uno se quedar\u00e1 afuera del banco de suplentes.<\/strong><\/p>\n<p>Al t\u00e9rmino de la pr\u00e1ctica de este viernes, el entrenador entreg\u00f3 la lista de jugadores convocados para el partido de este s\u00e1bado frente al Cicl\u00f3n, que se jugar\u00e1 a\u00a0las 14 en el Libertadores de Am\u00e9rica. <strong>La principal novedad pasa por el regreso de Gast\u00f3n Del Castillo.\u00a0<\/strong>Por su parte,\u00a0<strong>salieron de la n\u00f3mina\u00a0Cristian Rodr\u00edguez (desgarrado),\u00a0Rodrigo Moreira y Juli\u00e1n Vitale<\/strong>.<\/p>\n<p><strong>A continuaci\u00f3n, los concentrados:<\/strong><\/p>\n<p><strong>Arqueros:<\/strong> Mart\u00edn Campa\u00f1a y Diego Rodr\u00edguez.<\/p>\n<p><strong>Defensores:<\/strong> Gustavo Toledo, Hern\u00e1n Pellerano, V\u00edctor Cuesta, Nicol\u00e1s Tagliafico y Emanuel Aguilera.<\/p>\n<p><strong>Volantes:<\/strong> Emiliano Rigoni, Jes\u00fas M\u00e9ndez, Jorge Ort\u00edz, Claudio Aquino, Diego Rodr\u00edguez Berrini, Rodrigo G\u00f3mez y Domingo Blanco.<\/p>\n<p><strong>Delanteros:<\/strong> Leandro Fern\u00e1ndez, Diego Vera, Germ\u00e1n Denis, Mart\u00edn Ben\u00edtez y Gast\u00f3n Del Castillo.<\/p>\n","protected":false},"excerpt":{"rendered":"<p>Mauricio Pellegrino entreg\u00f3 la lista de jugadores concentrados de cara al cl\u00e1sico frente a San Lorenzo. Son 19 citados, por lo que uno se quedar\u00e1 afuera del banco de suplentes. Al t\u00e9rmino de la pr\u00e1ctica de este viernes, el entrenador entreg\u00f3 la lista de jugadores convocados para el partido de este s\u00e1bado frente al Cicl\u00f3n, [&hellip;]<\/p>\n","protected":false},"author":1,"featured_media":64506,"comment_status":"open","ping_status":"closed","sticky":false,"template":"","format":"standard","meta":{"_links_to":"","_links_to_target":""},"categories":[3,1],"tags":[153,2799,1574,382,3121],"_links":{"self":[{"href":"https:\/\/www.locoxelrojo.com\/independiente\/wp-json\/wp\/v2\/posts\/64508"}],"collection":[{"href":"https:\/\/www.locoxelrojo.com\/independiente\/wp-json\/wp\/v2\/posts"}],"about":[{"href":"https:\/\/www.locoxelrojo.com\/independiente\/wp-json\/wp\/v2\/types\/post"}],"author":[{"embeddable":true,"href":"https:\/\/www.locoxelrojo.com\/independiente\/wp-json\/wp\/v2\/users\/1"}],"replies":[{"embeddable":true,"href":"https:\/\/www.locoxelrojo.com\/independiente\/wp-json\/wp\/v2\/comments?post=64508"}],"version-history":[{"count":0,"href":"https:\/\/www.locoxelrojo.com\/independiente\/wp-json\/wp\/v2\/posts\/64508\/revisions"}],"wp:featuredmedia":[{"embeddable":true,"href":"https:\/\/www.locoxelrojo.com\/independiente\/wp-json\/wp\/v2\/media\/64506"}],"wp:attachment":[{"href":"https:\/\/www.locoxelrojo.com\/independiente\/wp-json\/wp\/v2\/media?parent=64508"}],"wp:term":[{"taxonomy":"category","embeddable":true,"href":"https:\/\/www.locoxelrojo.com\/independiente\/wp-json\/wp\/v2\/categories?post=64508"},{"taxonomy":"post_tag","embeddable":true,"href":"https:\/\/www.locoxelrojo.com\/independiente\/wp-json\/wp\/v2\/tags?post=64508"}],"curies":[{"name":"wp","href":"https:\/\/api.w.org\/{rel}","templated":true}]}}