{"id":64579,"date":"2016-05-01T14:00:00","date_gmt":"2016-05-01T17:00:00","guid":{"rendered":"http:\/\/www.locoxelrojo.com\/independiente\/?p=64579"},"modified":"2016-05-01T18:09:55","modified_gmt":"2016-05-01T21:09:55","slug":"cambiaron-el-chip","status":"publish","type":"post","link":"https:\/\/www.locoxelrojo.com\/independiente\/2016\/05\/01\/cambiaron-el-chip\/","title":{"rendered":"Cambiaron el chip"},"content":{"rendered":"<p>Despu\u00e9s de perder ante\u00a0San Lorenzo y quedar\u00a0afuera de la pelea por el campeonato, <strong>el plantel de Independiente volvi\u00f3 a los entrenamientos este domingo por la ma\u00f1ana en Villa Dom\u00ednico<\/strong>, enfocado en el <a title=\"El debut en la Copa Argentina ya tiene d\u00eda y horario\" href=\"https:\/\/www.locoxelrojo.com\/independiente\/2016\/04\/27\/el-debut-en-la-copa-argentina-ya-tiene-dia-y-horario\/\" target=\"_blank\">partido del mi\u00e9rcoles por Copa Argentina<\/a>. <strong>Mauricio Pellegrino contin\u00faa\u00a0como entrenador<\/strong>.<\/p>\n<p>Los que jugaron ante el Cicl\u00f3n realizaron ejercicios regenerativos, mientras que\u00a0el resto del grupo\u00a0particip\u00f3 de una pr\u00e1ctica de f\u00fatbol.\u00a0<strong>Todav\u00eda no hay indicios del equipo que enfrentar\u00e1\u00a0a\u00a0San Telmo<\/strong>.\u00a0El\u00a0lunes habr\u00e1 un nuevo entrenamiento y<strong> el martes viajar\u00e1n a Formosa.<\/strong><\/p>\n<p>Si bien tras la ca\u00edda del s\u00e1bado se especul\u00f3 con su salida, <strong>Pellegrino dirigi\u00f3 la pr\u00e1ctica con total normalidad y se mostr\u00f3 con fuerzas para seguir en el cargo hasta junio<\/strong>, mes en que vence su contrato. Cabe recordar que en su \u00faltima conferencia de prensa <a title=\"Pellegrino: \u201cSi yo fuera el problema, se lo plantear\u00eda a los directivos\u201d\" href=\"https:\/\/www.locoxelrojo.com\/independiente\/2016\/04\/30\/pellegrino-si-yo-fuera-el-problema-se-lo-plantearia-a-los-directivos\/\" target=\"_blank\">puso su continuidad en manos de la dirigencia<\/a>.<\/p>\n","protected":false},"excerpt":{"rendered":"<p>Despu\u00e9s de perder ante\u00a0San Lorenzo y quedar\u00a0afuera de la pelea por el campeonato, el plantel de Independiente volvi\u00f3 a los entrenamientos este domingo por la ma\u00f1ana en Villa Dom\u00ednico, enfocado en el partido del mi\u00e9rcoles por Copa Argentina. Mauricio Pellegrino contin\u00faa\u00a0como entrenador. Los que jugaron ante el Cicl\u00f3n realizaron ejercicios regenerativos, mientras que\u00a0el resto del [&hellip;]<\/p>\n","protected":false},"author":8,"featured_media":64581,"comment_status":"open","ping_status":"closed","sticky":false,"template":"","format":"standard","meta":{"_links_to":"","_links_to_target":""},"categories":[3,1],"tags":[26,2166,172],"_links":{"self":[{"href":"https:\/\/www.locoxelrojo.com\/independiente\/wp-json\/wp\/v2\/posts\/64579"}],"collection":[{"href":"https:\/\/www.locoxelrojo.com\/independiente\/wp-json\/wp\/v2\/posts"}],"about":[{"href":"https:\/\/www.locoxelrojo.com\/independiente\/wp-json\/wp\/v2\/types\/post"}],"author":[{"embeddable":true,"href":"https:\/\/www.locoxelrojo.com\/independiente\/wp-json\/wp\/v2\/users\/8"}],"replies":[{"embeddable":true,"href":"https:\/\/www.locoxelrojo.com\/independiente\/wp-json\/wp\/v2\/comments?post=64579"}],"version-history":[{"count":0,"href":"https:\/\/www.locoxelrojo.com\/independiente\/wp-json\/wp\/v2\/posts\/64579\/revisions"}],"wp:featuredmedia":[{"embeddable":true,"href":"https:\/\/www.locoxelrojo.com\/independiente\/wp-json\/wp\/v2\/media\/64581"}],"wp:attachment":[{"href":"https:\/\/www.locoxelrojo.com\/independiente\/wp-json\/wp\/v2\/media?parent=64579"}],"wp:term":[{"taxonomy":"category","embeddable":true,"href":"https:\/\/www.locoxelrojo.com\/independiente\/wp-json\/wp\/v2\/categories?post=64579"},{"taxonomy":"post_tag","embeddable":true,"href":"https:\/\/www.locoxelrojo.com\/independiente\/wp-json\/wp\/v2\/tags?post=64579"}],"curies":[{"name":"wp","href":"https:\/\/api.w.org\/{rel}","templated":true}]}}