{"id":64583,"date":"2016-05-01T17:00:04","date_gmt":"2016-05-01T20:00:04","guid":{"rendered":"http:\/\/www.locoxelrojo.com\/independiente\/?p=64583"},"modified":"2016-05-01T19:06:39","modified_gmt":"2016-05-01T22:06:39","slug":"h-moyano-pellegrino-es-serio-y-muy-responsable-pero-no-encuentra-el-equipo","status":"publish","type":"post","link":"https:\/\/www.locoxelrojo.com\/independiente\/2016\/05\/01\/h-moyano-pellegrino-es-serio-y-muy-responsable-pero-no-encuentra-el-equipo\/","title":{"rendered":"H. Moyano: &#8220;Pellegrino es serio y muy responsable, pero no encuentra el equipo&#8221;"},"content":{"rendered":"<p>En medio de las especulaciones sobre la salida de Maurcio Pellegrino, fue el propio <strong>Hugo Moyano<\/strong> el que sali\u00f3 a aclarar que no hay una decisi\u00f3n tomada sobre la continuidad del entrenador despu\u00e9s de junio.<\/p>\n<p><strong>&#8220;Es una respuesta que no se puede dar hoy, tenemos que hablar. Lo que est\u00e1 pasando con Pellegrino tambi\u00e9n pas\u00f3 en su momento con Almir\u00f3n, y\u00a0f\u00edjense\u00a0la campa\u00f1a que hizo (en Lan\u00fas). A veces por\u00a0las decisiones apresuradas uno se tiene que arrepentir&#8221;<\/strong>, expres\u00f3 el presidente de Independiente en di\u00e1logo con Animales Pol\u00edticos, por Radio La Red.<\/p>\n<p>Consultado sobre el trabajo del DT en este semestre, Moyano opin\u00f3:\u00a0<strong>&#8220;Pellegrino es un hombre serio, muy responsable, pero no encuentra el equipo para que estemos\u00a0en el lugar que tenemos que estar en el f\u00fatbol argentino&#8221;<\/strong>. En la misma l\u00ednea,\u00a0habl\u00f3 de la derrota ante San Lorenzo: <strong>&#8220;Ayer en el primer tiempo nos perdimos cinco o seis goles en la puerta del arco. El f\u00fatbol es as\u00ed&#8221;<\/strong>.<\/p>\n<p>La\u00a0m\u00e1xima autoridad\u00a0del Rojo remarc\u00f3 el esfuerzo de la Comisi\u00f3n Directiva y se mostr\u00f3 optimista de cara al futuro: <strong>&#8220;El f\u00fatbol es as\u00ed, uno hace un esfuerzo en todos los aspectos y por ah\u00ed\u00a0demoran un poco en venir los \u00e9xitos, pero\u00a0estamos esperanzados en el equipo&#8221;<\/strong>.<\/p>\n","protected":false},"excerpt":{"rendered":"<p>En medio de las especulaciones sobre la salida de Maurcio Pellegrino, fue el propio Hugo Moyano el que sali\u00f3 a aclarar que no hay una decisi\u00f3n tomada sobre la continuidad del entrenador despu\u00e9s de junio. &#8220;Es una respuesta que no se puede dar hoy, tenemos que hablar. Lo que est\u00e1 pasando con Pellegrino tambi\u00e9n pas\u00f3 [&hellip;]<\/p>\n","protected":false},"author":8,"featured_media":64584,"comment_status":"open","ping_status":"closed","sticky":false,"template":"","format":"standard","meta":{"_links_to":"","_links_to_target":""},"categories":[3,1],"tags":[140,2166],"_links":{"self":[{"href":"https:\/\/www.locoxelrojo.com\/independiente\/wp-json\/wp\/v2\/posts\/64583"}],"collection":[{"href":"https:\/\/www.locoxelrojo.com\/independiente\/wp-json\/wp\/v2\/posts"}],"about":[{"href":"https:\/\/www.locoxelrojo.com\/independiente\/wp-json\/wp\/v2\/types\/post"}],"author":[{"embeddable":true,"href":"https:\/\/www.locoxelrojo.com\/independiente\/wp-json\/wp\/v2\/users\/8"}],"replies":[{"embeddable":true,"href":"https:\/\/www.locoxelrojo.com\/independiente\/wp-json\/wp\/v2\/comments?post=64583"}],"version-history":[{"count":0,"href":"https:\/\/www.locoxelrojo.com\/independiente\/wp-json\/wp\/v2\/posts\/64583\/revisions"}],"wp:featuredmedia":[{"embeddable":true,"href":"https:\/\/www.locoxelrojo.com\/independiente\/wp-json\/wp\/v2\/media\/64584"}],"wp:attachment":[{"href":"https:\/\/www.locoxelrojo.com\/independiente\/wp-json\/wp\/v2\/media?parent=64583"}],"wp:term":[{"taxonomy":"category","embeddable":true,"href":"https:\/\/www.locoxelrojo.com\/independiente\/wp-json\/wp\/v2\/categories?post=64583"},{"taxonomy":"post_tag","embeddable":true,"href":"https:\/\/www.locoxelrojo.com\/independiente\/wp-json\/wp\/v2\/tags?post=64583"}],"curies":[{"name":"wp","href":"https:\/\/api.w.org\/{rel}","templated":true}]}}