{"id":64672,"date":"2016-05-06T21:00:40","date_gmt":"2016-05-07T00:00:40","guid":{"rendered":"http:\/\/www.locoxelrojo.com\/independiente\/?p=64672"},"modified":"2016-05-07T02:22:18","modified_gmt":"2016-05-07T05:22:18","slug":"yo-el-bocha-la-autobiografia-del-maestro","status":"publish","type":"post","link":"https:\/\/www.locoxelrojo.com\/independiente\/2016\/05\/06\/yo-el-bocha-la-autobiografia-del-maestro\/","title":{"rendered":"&#8220;Yo, El Bocha&#8221;: la autobiograf\u00eda del Maestro"},"content":{"rendered":"<p><strong>Ricardo Bochini, el m\u00e1ximo \u00eddolo de Independiente, present\u00f3 su autobiograf\u00eda<\/strong> en la Feria del Libro. La obra, titulada\u00a0<strong>&#8220;Yo, el Bocha&#8221;<\/strong>, fue escrita por el periodista Jorge Barraza y\u00a0comenta varios detalles desconocidos\u00a0de la vida\u00a0del 10. <strong>El Pr\u00f3logo fue escrito nada menos que por Diego Maradona<\/strong>.<\/p>\n<p>El acto se realiz\u00f3 en el Sal\u00f3n Jos\u00e9 Hern\u00e1ndez de La Rural. <strong>El Bocha estuvo acompa\u00f1ado por Hugo Moyano<\/strong>\u00a0(presidente del club)<strong>, Daniel Bertoni,\u00a0Claudio Marangoni<\/strong> (excompa\u00f1eros e \u00eddolos\u00a0del Rojo)<strong>, Roberto Ferreiro<\/strong> (entrenador que le\u00a0confi\u00f3 la titularidad en Primera siendo tan joven) <strong>y Mart\u00edn Ben\u00edtez<\/strong> (delantero del plantel actual y uno de sus &#8220;protegidos&#8221;).<\/p>\n<p><strong>&#8220;Le agradezco a la editorial que confi\u00f3 en m\u00ed para contar toda mi vida futbol\u00edstica en Belgrano de Z\u00e1rate, en Independiente y en la Selecci\u00f3n Argentina&#8221;<\/strong>, expres\u00f3 el Maestro durante la presentaci\u00f3n, y\u00a0agreg\u00f3 emocionado:\u00a0<strong>&#8220;Todo lo que hice con Independiente lo hice con sentimiento y con el coraz\u00f3n. Quer\u00eda que Independiente fuera el mejor equipo que ganara todo en el mundo. Todo lo que fui futbol\u00edsticamente en la vida se lo debo a\u00a0Independiente&#8221;<\/strong>.<\/p>\n<p>Mir\u00e1 las fotos de la presentaci\u00f3n de la autobiograf\u00eda de\u00a0Ricardo Bochini&gt;&gt; <a href=\"http:\/\/www.facebook.com\/media\/set\/?set=a.1148573048527331.1073742080.383449295039714&amp;type=3\" target=\"_blank\"><span style=\"text-decoration: underline;\"><strong>Click ac\u00e1<\/strong><\/span><\/a><\/p>\n","protected":false},"excerpt":{"rendered":"<p>Ricardo Bochini, el m\u00e1ximo \u00eddolo de Independiente, present\u00f3 su autobiograf\u00eda en la Feria del Libro. La obra, titulada\u00a0&#8220;Yo, el Bocha&#8221;, fue escrita por el periodista Jorge Barraza y\u00a0comenta varios detalles desconocidos\u00a0de la vida\u00a0del 10. El Pr\u00f3logo fue escrito nada menos que por Diego Maradona. El acto se realiz\u00f3 en el Sal\u00f3n Jos\u00e9 Hern\u00e1ndez de La [&hellip;]<\/p>\n","protected":false},"author":8,"featured_media":64673,"comment_status":"open","ping_status":"closed","sticky":false,"template":"","format":"standard","meta":{"_links_to":"","_links_to_target":""},"categories":[4,1],"tags":[153,475,3175],"_links":{"self":[{"href":"https:\/\/www.locoxelrojo.com\/independiente\/wp-json\/wp\/v2\/posts\/64672"}],"collection":[{"href":"https:\/\/www.locoxelrojo.com\/independiente\/wp-json\/wp\/v2\/posts"}],"about":[{"href":"https:\/\/www.locoxelrojo.com\/independiente\/wp-json\/wp\/v2\/types\/post"}],"author":[{"embeddable":true,"href":"https:\/\/www.locoxelrojo.com\/independiente\/wp-json\/wp\/v2\/users\/8"}],"replies":[{"embeddable":true,"href":"https:\/\/www.locoxelrojo.com\/independiente\/wp-json\/wp\/v2\/comments?post=64672"}],"version-history":[{"count":0,"href":"https:\/\/www.locoxelrojo.com\/independiente\/wp-json\/wp\/v2\/posts\/64672\/revisions"}],"wp:featuredmedia":[{"embeddable":true,"href":"https:\/\/www.locoxelrojo.com\/independiente\/wp-json\/wp\/v2\/media\/64673"}],"wp:attachment":[{"href":"https:\/\/www.locoxelrojo.com\/independiente\/wp-json\/wp\/v2\/media?parent=64672"}],"wp:term":[{"taxonomy":"category","embeddable":true,"href":"https:\/\/www.locoxelrojo.com\/independiente\/wp-json\/wp\/v2\/categories?post=64672"},{"taxonomy":"post_tag","embeddable":true,"href":"https:\/\/www.locoxelrojo.com\/independiente\/wp-json\/wp\/v2\/tags?post=64672"}],"curies":[{"name":"wp","href":"https:\/\/api.w.org\/{rel}","templated":true}]}}