{"id":64736,"date":"2016-05-10T14:04:50","date_gmt":"2016-05-10T17:04:50","guid":{"rendered":"http:\/\/www.locoxelrojo.com\/independiente\/?p=64736"},"modified":"2016-05-10T14:04:50","modified_gmt":"2016-05-10T17:04:50","slug":"no-va-mas-3","status":"publish","type":"post","link":"https:\/\/www.locoxelrojo.com\/independiente\/2016\/05\/10\/no-va-mas-3\/","title":{"rendered":"No va m\u00e1s"},"content":{"rendered":"<p><strong>Los dirigentes de Independiente se hicieron presentes este martes en el predio de Villa Dom\u00ednico y le comunicaron a Mauricio Pellegrino que no se le va a renovar el contrato, este consensu\u00f3 su salida anticipada y dej\u00f3 de ser el entrenador del Rojo.<\/strong> Fernando Ber\u00f3n ser\u00e1 el t\u00e9cnico interino en lo que resta del torneo.<\/p>\n<p>Esta ma\u00f1ana <strong>Noray Nakis, H\u00e9ctor Maldonado, Carlos Monta\u00f1a y Jorge Damiani<\/strong> se presentaron en el complejo de Villa Dom\u00ednico para comunicarle a Pellegrino la decisi\u00f3n que tom\u00f3 la comisi\u00f3n directiva en la reuni\u00f3n del lunes: <strong>que no seguir\u00eda siendo el t\u00e9cnico de Independiente a partir del 30 de junio.<\/strong><\/p>\n<p>A pesar de que la idea de los dirigentes era que el entrenador dirija los pr\u00f3ximos dos compromisos del Rojo en el campeonato (Arsenal y Quilmes), <strong>Pellegrino decidi\u00f3 arreglar su salida anticipada y dej\u00f3 de ser el t\u00e9cnico de Independiente.<\/strong> Tras finalizar la pr\u00e1ctica, se despidi\u00f3 del plantel y se retir\u00f3 del predio junto a su cuerpo t\u00e9cnico. <\/p>\n<p>Ahora, <strong>Ber\u00f3n ser\u00e1 el encargado de estar al frente del plantel interinamente hasta la finalizaci\u00f3n del torneo.<\/strong> <\/p>\n","protected":false},"excerpt":{"rendered":"<p>Los dirigentes de Independiente se hicieron presentes este martes en el predio de Villa Dom\u00ednico y le comunicaron a Mauricio Pellegrino que no se le va a renovar el contrato, este consensu\u00f3 su salida anticipada y dej\u00f3 de ser el entrenador del Rojo. Fernando Ber\u00f3n ser\u00e1 el t\u00e9cnico interino en lo que resta del torneo. [&hellip;]<\/p>\n","protected":false},"author":1,"featured_media":64702,"comment_status":"open","ping_status":"closed","sticky":false,"template":"","format":"standard","meta":{"_links_to":"","_links_to_target":""},"categories":[3,1],"tags":[153,2166],"_links":{"self":[{"href":"https:\/\/www.locoxelrojo.com\/independiente\/wp-json\/wp\/v2\/posts\/64736"}],"collection":[{"href":"https:\/\/www.locoxelrojo.com\/independiente\/wp-json\/wp\/v2\/posts"}],"about":[{"href":"https:\/\/www.locoxelrojo.com\/independiente\/wp-json\/wp\/v2\/types\/post"}],"author":[{"embeddable":true,"href":"https:\/\/www.locoxelrojo.com\/independiente\/wp-json\/wp\/v2\/users\/1"}],"replies":[{"embeddable":true,"href":"https:\/\/www.locoxelrojo.com\/independiente\/wp-json\/wp\/v2\/comments?post=64736"}],"version-history":[{"count":0,"href":"https:\/\/www.locoxelrojo.com\/independiente\/wp-json\/wp\/v2\/posts\/64736\/revisions"}],"wp:featuredmedia":[{"embeddable":true,"href":"https:\/\/www.locoxelrojo.com\/independiente\/wp-json\/wp\/v2\/media\/64702"}],"wp:attachment":[{"href":"https:\/\/www.locoxelrojo.com\/independiente\/wp-json\/wp\/v2\/media?parent=64736"}],"wp:term":[{"taxonomy":"category","embeddable":true,"href":"https:\/\/www.locoxelrojo.com\/independiente\/wp-json\/wp\/v2\/categories?post=64736"},{"taxonomy":"post_tag","embeddable":true,"href":"https:\/\/www.locoxelrojo.com\/independiente\/wp-json\/wp\/v2\/tags?post=64736"}],"curies":[{"name":"wp","href":"https:\/\/api.w.org\/{rel}","templated":true}]}}