{"id":64738,"date":"2016-05-10T14:36:53","date_gmt":"2016-05-10T17:36:53","guid":{"rendered":"http:\/\/www.locoxelrojo.com\/independiente\/?p=64738"},"modified":"2016-05-10T14:36:53","modified_gmt":"2016-05-10T17:36:53","slug":"pellegrino-la-comision-me-comunico-que-no-iba-a-continuar-el-proximo-ano-y-les-ofreci-dar-un-paso-al-costado","status":"publish","type":"post","link":"https:\/\/www.locoxelrojo.com\/independiente\/2016\/05\/10\/pellegrino-la-comision-me-comunico-que-no-iba-a-continuar-el-proximo-ano-y-les-ofreci-dar-un-paso-al-costado\/","title":{"rendered":"Pellegrino: &#8220;La comisi\u00f3n me comunic\u00f3 que no iba a continuar el pr\u00f3ximo a\u00f1o y les ofrec\u00ed dar un paso al costado&#8221;"},"content":{"rendered":"<p>Al t\u00e9rmino de la charla con los dirigentes, <strong>Mauricio Pellegrino explic\u00f3 en conferencia de prensa las razones de su alejamiento de Independiente.<\/strong><\/p>\n<p><strong>&#8220;La comisi\u00f3n directiva me comunic\u00f3 que no iba a continuar el a\u00f1o pr\u00f3ximo y hemos llegado a un acuerdo. El club va a cambiar de rumbo les ofrec\u00ed dar un paso al costado aunque quedaran dos partidos&#8221;<\/strong>, explic\u00f3 Pellegrino. <strong>&#8220;Entend\u00ed que lo mejor era esto para que puedan, si es posible, tener un nuevo t\u00e9cnico la semana que viene\u201d<\/strong>, agreg\u00f3 en compa\u00f1\u00eda del vicepresidente Carlos Monta\u00f1a.<\/p>\n<p><strong>&#8220;Ten\u00eda la ilusi\u00f3n de llevar a Independiente a lograr el campeonato. Acepto las reglas del juego y hay que seguir. Agradezco el esfuerzo de los jugadores, porque este a\u00f1o fue muy grande. Tambi\u00e9n a todos los empleados del club que nos trataron maravillosamente y a los dirigentes por la confianza&#8221;<\/strong>, manifest\u00f3 desde la sala de prensa de Villa Dom\u00ednico.<\/p>\n<p>Luego, le pidi\u00f3 disculpas a los hinchas: <strong>&#8220;Lamento no haberle podido regalar a la gente el campeonato. Por mi parte solamente me resta pedirle disculpas&#8221;<\/strong>. Y finaliz\u00f3: <strong>&#8220;Independiente no ser\u00e1 nunca m\u00e1s un club indiferente para mi por todo lo que me han brindado. Ser\u00e1 hasta la pr\u00f3xima y le agradezco a todos por el apoyo\u201d<\/strong>.<\/p>\n","protected":false},"excerpt":{"rendered":"<p>Al t\u00e9rmino de la charla con los dirigentes, Mauricio Pellegrino explic\u00f3 en conferencia de prensa las razones de su alejamiento de Independiente. &#8220;La comisi\u00f3n directiva me comunic\u00f3 que no iba a continuar el a\u00f1o pr\u00f3ximo y hemos llegado a un acuerdo. El club va a cambiar de rumbo les ofrec\u00ed dar un paso al costado [&hellip;]<\/p>\n","protected":false},"author":16,"featured_media":64739,"comment_status":"open","ping_status":"closed","sticky":false,"template":"","format":"standard","meta":{"_links_to":"","_links_to_target":""},"categories":[3,1],"tags":[2166],"_links":{"self":[{"href":"https:\/\/www.locoxelrojo.com\/independiente\/wp-json\/wp\/v2\/posts\/64738"}],"collection":[{"href":"https:\/\/www.locoxelrojo.com\/independiente\/wp-json\/wp\/v2\/posts"}],"about":[{"href":"https:\/\/www.locoxelrojo.com\/independiente\/wp-json\/wp\/v2\/types\/post"}],"author":[{"embeddable":true,"href":"https:\/\/www.locoxelrojo.com\/independiente\/wp-json\/wp\/v2\/users\/16"}],"replies":[{"embeddable":true,"href":"https:\/\/www.locoxelrojo.com\/independiente\/wp-json\/wp\/v2\/comments?post=64738"}],"version-history":[{"count":0,"href":"https:\/\/www.locoxelrojo.com\/independiente\/wp-json\/wp\/v2\/posts\/64738\/revisions"}],"wp:featuredmedia":[{"embeddable":true,"href":"https:\/\/www.locoxelrojo.com\/independiente\/wp-json\/wp\/v2\/media\/64739"}],"wp:attachment":[{"href":"https:\/\/www.locoxelrojo.com\/independiente\/wp-json\/wp\/v2\/media?parent=64738"}],"wp:term":[{"taxonomy":"category","embeddable":true,"href":"https:\/\/www.locoxelrojo.com\/independiente\/wp-json\/wp\/v2\/categories?post=64738"},{"taxonomy":"post_tag","embeddable":true,"href":"https:\/\/www.locoxelrojo.com\/independiente\/wp-json\/wp\/v2\/tags?post=64738"}],"curies":[{"name":"wp","href":"https:\/\/api.w.org\/{rel}","templated":true}]}}