{"id":64745,"date":"2016-05-10T15:32:59","date_gmt":"2016-05-10T18:32:59","guid":{"rendered":"http:\/\/www.locoxelrojo.com\/independiente\/?p=64745"},"modified":"2016-05-10T15:32:59","modified_gmt":"2016-05-10T18:32:59","slug":"p-moyano-creo-que-milito-va-a-ser-el-tecnico-de-independiente","status":"publish","type":"post","link":"https:\/\/www.locoxelrojo.com\/independiente\/2016\/05\/10\/p-moyano-creo-que-milito-va-a-ser-el-tecnico-de-independiente\/","title":{"rendered":"P. Moyano: &#8220;Creo que Milito va a ser el t\u00e9cnico de Independiente&#8221;"},"content":{"rendered":"<p><strong>Pablo Moyano se mostr\u00f3 convencido y conf\u00eda en que Gabriel Milito sea el pr\u00f3ximo t\u00e9cnico de Independiente.<\/strong><\/p>\n<p>En di\u00e1logo con Estudio F\u00fatbol, el vocal de Independiente dio las razones por lo cual <a href=\"https:\/\/www.locoxelrojo.com\/independiente\/2016\/05\/10\/no-va-mas-3\/\">la comisi\u00f3n directiva decidi\u00f3 no renovarle el cargo a Mauricio Pellegrino<\/a> a partir del 30 de junio. Con su <a href=\"https:\/\/www.locoxelrojo.com\/independiente\/2016\/05\/10\/pellegrino-la-comision-me-comunico-que-no-iba-a-continuar-el-proximo-ano-y-les-ofreci-dar-un-paso-al-costado\/\">salida ya consumada<\/a>, el hijo del presidente se mostr\u00f3 convencido de que en las pr\u00f3ximas horas estar\u00e1 su sucesor. <strong>&#8220;Creo que Gabriel Milito va a ser el DT de Independiente&#8221;<\/strong>, manifest\u00f3.<\/p>\n<p><strong>&#8220;Con Ag\u00fcero, Milito es uno de los \u00faltimos \u00eddolos. Creo que Gaby va a ser el pr\u00f3ximo t\u00e9cnico. Tiene las condiciones, conoce las Inferiores, la infraestructura, est\u00e1 identificado con el club y el estilo de juego que demostr\u00f3 cuando estuvo en Estudiantes es el estilo que quiere Independiente&#8221;<\/strong>, reiter\u00f3. &#8220;<strong>En las pr\u00f3ximas horas vamos a tener una nueva charla. Creo que lo quiere la mayor\u00eda de los hinchas. Tiene amor por Independiente, don\u00f3 junto al Kun Ag\u00fcero un centro de alto rendimiento para el predio de Villa Dom\u00ednico. Vamos a ir por ese camino&#8221;<\/strong>, agreg\u00f3. <strong>&#8220;Capaz que esta semana o la otra el presidente lo pueda anunciar. Fernando Ber\u00f3n nos va a dirigir estos pr\u00f3ximos dos partidos, as\u00ed Gaby tiene tiempo para trabajar, revisar y sentarnos a hablar los refuerzos que necesita para el pr\u00f3ximo campeonato&#8221;<\/strong>, redobl\u00f3.<\/p>\n<p>Luego, explic\u00f3 cuales fueron las razones de la comisi\u00f3n directiva para decidir no continuar con el proyecto de Pellegrino en la pr\u00f3xima temporada: <strong>&#8220;Contratamos un entrenador para cumplir objetivos. Nosotros mismos destacamos su trabajo y la cantidad de puntos que ha logrado, pero lamentablemente no se lograron los objetivos que nos hab\u00edamos propuesto cuando se lo contrat\u00f3. Ni Copa Argentina, ni Sudamericana, tampoco la Liguilla Pre Libertadores y ahora, tampoco jugamos la final y no entramos a la Copa Libertadores&#8221;<\/strong>.<\/p>\n<p><strong>&#8220;Esta comisi\u00f3n directiva se est\u00e1 haciendo cargo de la reconstrucci\u00f3n del club. Falta en lo deportivo, pero una vez ordenado el club, los resultados van a venir&#8221;<\/strong>, cerr\u00f3.<\/p>\n","protected":false},"excerpt":{"rendered":"<p>Pablo Moyano se mostr\u00f3 convencido y conf\u00eda en que Gabriel Milito sea el pr\u00f3ximo t\u00e9cnico de Independiente. En di\u00e1logo con Estudio F\u00fatbol, el vocal de Independiente dio las razones por lo cual la comisi\u00f3n directiva decidi\u00f3 no renovarle el cargo a Mauricio Pellegrino a partir del 30 de junio. Con su salida ya consumada, el [&hellip;]<\/p>\n","protected":false},"author":1,"featured_media":64747,"comment_status":"open","ping_status":"closed","sticky":false,"template":"","format":"standard","meta":{"_links_to":"","_links_to_target":""},"categories":[3,1],"tags":[42,2166,439],"_links":{"self":[{"href":"https:\/\/www.locoxelrojo.com\/independiente\/wp-json\/wp\/v2\/posts\/64745"}],"collection":[{"href":"https:\/\/www.locoxelrojo.com\/independiente\/wp-json\/wp\/v2\/posts"}],"about":[{"href":"https:\/\/www.locoxelrojo.com\/independiente\/wp-json\/wp\/v2\/types\/post"}],"author":[{"embeddable":true,"href":"https:\/\/www.locoxelrojo.com\/independiente\/wp-json\/wp\/v2\/users\/1"}],"replies":[{"embeddable":true,"href":"https:\/\/www.locoxelrojo.com\/independiente\/wp-json\/wp\/v2\/comments?post=64745"}],"version-history":[{"count":0,"href":"https:\/\/www.locoxelrojo.com\/independiente\/wp-json\/wp\/v2\/posts\/64745\/revisions"}],"wp:featuredmedia":[{"embeddable":true,"href":"https:\/\/www.locoxelrojo.com\/independiente\/wp-json\/wp\/v2\/media\/64747"}],"wp:attachment":[{"href":"https:\/\/www.locoxelrojo.com\/independiente\/wp-json\/wp\/v2\/media?parent=64745"}],"wp:term":[{"taxonomy":"category","embeddable":true,"href":"https:\/\/www.locoxelrojo.com\/independiente\/wp-json\/wp\/v2\/categories?post=64745"},{"taxonomy":"post_tag","embeddable":true,"href":"https:\/\/www.locoxelrojo.com\/independiente\/wp-json\/wp\/v2\/tags?post=64745"}],"curies":[{"name":"wp","href":"https:\/\/api.w.org\/{rel}","templated":true}]}}