{"id":65056,"date":"2016-05-27T18:15:59","date_gmt":"2016-05-27T21:15:59","guid":{"rendered":"http:\/\/www.locoxelrojo.com\/independiente\/?p=65056"},"modified":"2016-05-27T18:15:59","modified_gmt":"2016-05-27T21:15:59","slug":"maldonado-va-a-ser-muy-dificil-que-cuesta-se-vaya","status":"publish","type":"post","link":"https:\/\/www.locoxelrojo.com\/independiente\/2016\/05\/27\/maldonado-va-a-ser-muy-dificil-que-cuesta-se-vaya\/","title":{"rendered":"Maldonado: \u201cVa a ser muy dif\u00edcil que Cuesta se vaya\u201d"},"content":{"rendered":"<p>El Secretario General de Independiente, <strong>H\u00e9ctor Maldonado<\/strong>, <strong>manifest\u00f3 que intentar\u00e1n retener a V\u00edctor Cuesta<\/strong> pese a los rumores de su salida. Adem\u00e1s <strong>afirm\u00f3 que Hugo Moyano ser\u00e1 candidato para presidir la AFA<\/strong> y elogi\u00f3 a Gabriel Milito.<\/p>\n<p><strong>\u201cPosiblemente busquemos alg\u00fan defensor m\u00e1s para tener cubierto los laterales. El puesto de central lo tenemos cubierto y creemos que va a ser muy dif\u00edcil que Cuesta se vaya. Vamos a hacer lo posible para mantenerlo. Se adapt\u00f3 al club, creci\u00f3 mucho y si se fuera, va a ser muy dif\u00edcil encontrarle reemplazante\u201d<\/strong>, comenz\u00f3 en di\u00e1logo con De la Cuna al Infierno.<\/p>\n<p>En la misma l\u00ednea, Yoyo agreg\u00f3: <strong>\u201cEstamos tratando de que vuelva Nicol\u00e1s Figal. Ya hablamos con Alfredo Dagna (Presidente de Olimpo) y hay una posibilidad de que vuelva en los pr\u00f3ximos d\u00edas\u201d.<\/strong><\/p>\n<p>Con respecto a\u00a0Milito, Maldonado indic\u00f3: <strong>\u201cAdmiro el entusiasmo para cada cosa que encara. Tiene condiciones y nos da seguridad. Est\u00e1 haciendo una evaluaci\u00f3n de todo el plantel y de algunos jugadores de afuera que nos deja conformes\u201d.<\/strong> Y despu\u00e9s aprob\u00f3\u00a0el gesto de Germ\u00e1n Denis de comenzar antes con su puesta a punto: <strong>\u201cLo que hizo es elogiable. Siente que no se adapt\u00f3 a su regreso y en vez de irse de vacaciones, se queda entrenando para estar en forma\u201d.<\/strong><\/p>\n<p>Por \u00faltimo, el Secretario General habl\u00f3 sobre la deuda que mantiene el club con la AFA y se\u00f1al\u00f3: \u201c<strong>Esas son cosas propiciadas por Angelici, que pone a Independiente como si fuera el ejemplo de los deudores. Te ponen como deuda lo que eran adelantos y lo hace para desprestigiar a Hugo Moyano\u201d.<\/strong> Y cerr\u00f3: <strong>\u201cPara m\u00ed, va a terminar siendo candidato a Presidente de AFA\u201d<\/strong>.<\/p>\n","protected":false},"excerpt":{"rendered":"<p>El Secretario General de Independiente, H\u00e9ctor Maldonado, manifest\u00f3 que intentar\u00e1n retener a V\u00edctor Cuesta pese a los rumores de su salida. Adem\u00e1s afirm\u00f3 que Hugo Moyano ser\u00e1 candidato para presidir la AFA y elogi\u00f3 a Gabriel Milito. \u201cPosiblemente busquemos alg\u00fan defensor m\u00e1s para tener cubierto los laterales. El puesto de central lo tenemos cubierto y [&hellip;]<\/p>\n","protected":false},"author":19,"featured_media":64181,"comment_status":"open","ping_status":"closed","sticky":false,"template":"","format":"standard","meta":{"_links_to":"","_links_to_target":""},"categories":[3,4,1],"tags":[129],"_links":{"self":[{"href":"https:\/\/www.locoxelrojo.com\/independiente\/wp-json\/wp\/v2\/posts\/65056"}],"collection":[{"href":"https:\/\/www.locoxelrojo.com\/independiente\/wp-json\/wp\/v2\/posts"}],"about":[{"href":"https:\/\/www.locoxelrojo.com\/independiente\/wp-json\/wp\/v2\/types\/post"}],"author":[{"embeddable":true,"href":"https:\/\/www.locoxelrojo.com\/independiente\/wp-json\/wp\/v2\/users\/19"}],"replies":[{"embeddable":true,"href":"https:\/\/www.locoxelrojo.com\/independiente\/wp-json\/wp\/v2\/comments?post=65056"}],"version-history":[{"count":0,"href":"https:\/\/www.locoxelrojo.com\/independiente\/wp-json\/wp\/v2\/posts\/65056\/revisions"}],"wp:featuredmedia":[{"embeddable":true,"href":"https:\/\/www.locoxelrojo.com\/independiente\/wp-json\/wp\/v2\/media\/64181"}],"wp:attachment":[{"href":"https:\/\/www.locoxelrojo.com\/independiente\/wp-json\/wp\/v2\/media?parent=65056"}],"wp:term":[{"taxonomy":"category","embeddable":true,"href":"https:\/\/www.locoxelrojo.com\/independiente\/wp-json\/wp\/v2\/categories?post=65056"},{"taxonomy":"post_tag","embeddable":true,"href":"https:\/\/www.locoxelrojo.com\/independiente\/wp-json\/wp\/v2\/tags?post=65056"}],"curies":[{"name":"wp","href":"https:\/\/api.w.org\/{rel}","templated":true}]}}