{"id":65058,"date":"2016-05-27T09:21:47","date_gmt":"2016-05-27T12:21:47","guid":{"rendered":"http:\/\/www.locoxelrojo.com\/independiente\/?p=65058"},"modified":"2016-05-27T19:54:28","modified_gmt":"2016-05-27T22:54:28","slug":"ricardo-bochini-personalidad-destacada-de-avellaneda","status":"publish","type":"post","link":"https:\/\/www.locoxelrojo.com\/independiente\/2016\/05\/27\/ricardo-bochini-personalidad-destacada-de-avellaneda\/","title":{"rendered":"Ricardo Bochini, personalidad destacada de Avellaneda"},"content":{"rendered":"<p><strong>El Honorable Consejo Deliberante de Avellaneda nombr\u00f3 a Ricardo Bochini personalidad destacada de la ciudad<\/strong>.<\/p>\n<p>Este jueves el Honorable Concejo Deliberante homenaje\u00f3 al Bocha y lo nombraron personalidad destacada de Avellaneda. El acto fue llevado adelante por Hugo Barrueco, exvicepresidente de Independiente y actual presidente del Consejo. <strong>Junto al m\u00e1ximo \u00eddolo del club estuvieron el secretario administrativo Daniel Seoane, el gerente Fabio Fern\u00e1ndez y dos excompa\u00f1eros: Carlos Enrique y Hugo Saggioratto.<\/strong><\/p>\n<p>Adem\u00e1s, <strong>fue destacado Jorge Barraza, el periodista que escribi\u00f3 la autobiograf\u00eda de Bochini: Yo el Bocha.<\/strong><\/p>\n","protected":false},"excerpt":{"rendered":"<p>El Honorable Consejo Deliberante de Avellaneda nombr\u00f3 a Ricardo Bochini personalidad destacada de la ciudad. Este jueves el Honorable Concejo Deliberante homenaje\u00f3 al Bocha y lo nombraron personalidad destacada de Avellaneda. El acto fue llevado adelante por Hugo Barrueco, exvicepresidente de Independiente y actual presidente del Consejo. Junto al m\u00e1ximo \u00eddolo del club estuvieron el [&hellip;]<\/p>\n","protected":false},"author":1,"featured_media":65060,"comment_status":"open","ping_status":"closed","sticky":false,"template":"","format":"standard","meta":{"_links_to":"","_links_to_target":""},"categories":[1],"tags":[475],"_links":{"self":[{"href":"https:\/\/www.locoxelrojo.com\/independiente\/wp-json\/wp\/v2\/posts\/65058"}],"collection":[{"href":"https:\/\/www.locoxelrojo.com\/independiente\/wp-json\/wp\/v2\/posts"}],"about":[{"href":"https:\/\/www.locoxelrojo.com\/independiente\/wp-json\/wp\/v2\/types\/post"}],"author":[{"embeddable":true,"href":"https:\/\/www.locoxelrojo.com\/independiente\/wp-json\/wp\/v2\/users\/1"}],"replies":[{"embeddable":true,"href":"https:\/\/www.locoxelrojo.com\/independiente\/wp-json\/wp\/v2\/comments?post=65058"}],"version-history":[{"count":0,"href":"https:\/\/www.locoxelrojo.com\/independiente\/wp-json\/wp\/v2\/posts\/65058\/revisions"}],"wp:featuredmedia":[{"embeddable":true,"href":"https:\/\/www.locoxelrojo.com\/independiente\/wp-json\/wp\/v2\/media\/65060"}],"wp:attachment":[{"href":"https:\/\/www.locoxelrojo.com\/independiente\/wp-json\/wp\/v2\/media?parent=65058"}],"wp:term":[{"taxonomy":"category","embeddable":true,"href":"https:\/\/www.locoxelrojo.com\/independiente\/wp-json\/wp\/v2\/categories?post=65058"},{"taxonomy":"post_tag","embeddable":true,"href":"https:\/\/www.locoxelrojo.com\/independiente\/wp-json\/wp\/v2\/tags?post=65058"}],"curies":[{"name":"wp","href":"https:\/\/api.w.org\/{rel}","templated":true}]}}