{"id":65065,"date":"2016-05-27T08:30:09","date_gmt":"2016-05-27T11:30:09","guid":{"rendered":"http:\/\/www.locoxelrojo.com\/independiente\/?p=65065"},"modified":"2016-05-27T21:41:34","modified_gmt":"2016-05-28T00:41:34","slug":"los-chicos-clasificaron-a-la-copa-campeonato","status":"publish","type":"post","link":"https:\/\/www.locoxelrojo.com\/independiente\/2016\/05\/27\/los-chicos-clasificaron-a-la-copa-campeonato\/","title":{"rendered":"Los chicos clasificaron a la Copa Campeonato"},"content":{"rendered":"<p><strong>En la \u00faltima fecha de la Etapa Clasificatoria, las divisiones inferiores de Independiente fueron m\u00e1s que Instituto y lograron\u00a0el boleto\u00a0a la Copa Campeonato 2016.\u00a0<\/strong>Las categor\u00edas mayores jugaron en C\u00f3rdoba, mientras que los m\u00e1s chicos fueron locales en Villa Dom\u00ednico.<\/p>\n<p>El saldo de esta fecha fue positivo:\u00a0<strong>hubo tres triunfos<\/strong>\u00a0(quinta, octava y novena),\u00a0<strong>un empate<\/strong>\u00a0(s\u00e9ptima)\u00a0<strong>y dos\u00a0derrotas<\/strong>\u00a0(cuarta y sexta).<strong>\u00a0<\/strong>En total cosecharon<strong> 10\u00a0puntos de 18<\/strong>.<\/p>\n<p>Los chicos se recuperaron con autoridad de la <a title=\"Jornada de Inferiores para el olvido\" href=\"https:\/\/www.locoxelrojo.com\/independiente\/2016\/05\/15\/jornada-de-inferiores-para-el-olvido\/\" target=\"_blank\">p\u00e9sima jornada ante Argentinos Juniors<\/a> y<strong> lograron superar el m\u00ednimo de 7 unidades\u00a0que necesitaban para clasificarse a la Copa Campeonato.<\/strong>\u00a0Ahora\u00a0esperan el sorteo del fixture para conocer a su rival. <strong>El primer partido de\u00a0esta instancia ser\u00eda el s\u00e1bado 4 de junio<\/strong>.<\/p>\n<p>Todos los resultados:<\/p>\n<p><strong>Cuarta Divisi\u00f3n<\/strong><br \/>\nInstituto\u00a02 &#8211; 0\u00a0Independiente<\/p>\n<p><strong>Quinta Divisi\u00f3n<br \/>\n<\/strong>Instituto\u00a01\u00a0&#8211; 3\u00a0Independiente (Alejo Macelli, Lucas Lezcano y Brian Gauna)<\/p>\n<p><strong>Sexta Divisi\u00f3n<\/strong><br \/>\nInstituto\u00a02\u00a0&#8211; 1\u00a0Independiente\u00a0(Lucas Ben\u00edtez)<\/p>\n<p><strong>S\u00e9ptima Divisi\u00f3n<\/strong><br \/>\nIndependiente 0 &#8211; 0\u00a0Instituto<\/p>\n<p><strong>Octava Divisi\u00f3n<br \/>\n<\/strong>Independiente 3\u00a0&#8211; 1\u00a0Instituto (Bruno G\u00f3mez y Gabriel Scarpa -2-)<\/p>\n<p><strong>Novena Divisi\u00f3n<\/strong><br \/>\nIndependiente 4\u00a0&#8211; 0 Instituto (Juan Freyre, Santiago Ayala -2- y Nicol\u00e1s Meier)<\/p>\n","protected":false},"excerpt":{"rendered":"<p>En la \u00faltima fecha de la Etapa Clasificatoria, las divisiones inferiores de Independiente fueron m\u00e1s que Instituto y lograron\u00a0el boleto\u00a0a la Copa Campeonato 2016.\u00a0Las categor\u00edas mayores jugaron en C\u00f3rdoba, mientras que los m\u00e1s chicos fueron locales en Villa Dom\u00ednico. El saldo de esta fecha fue positivo:\u00a0hubo tres triunfos\u00a0(quinta, octava y novena),\u00a0un empate\u00a0(s\u00e9ptima)\u00a0y dos\u00a0derrotas\u00a0(cuarta y sexta).\u00a0En [&hellip;]<\/p>\n","protected":false},"author":8,"featured_media":65067,"comment_status":"open","ping_status":"closed","sticky":false,"template":"","format":"standard","meta":{"_links_to":"","_links_to_target":""},"categories":[5,1],"tags":[153,194,3265,2451],"_links":{"self":[{"href":"https:\/\/www.locoxelrojo.com\/independiente\/wp-json\/wp\/v2\/posts\/65065"}],"collection":[{"href":"https:\/\/www.locoxelrojo.com\/independiente\/wp-json\/wp\/v2\/posts"}],"about":[{"href":"https:\/\/www.locoxelrojo.com\/independiente\/wp-json\/wp\/v2\/types\/post"}],"author":[{"embeddable":true,"href":"https:\/\/www.locoxelrojo.com\/independiente\/wp-json\/wp\/v2\/users\/8"}],"replies":[{"embeddable":true,"href":"https:\/\/www.locoxelrojo.com\/independiente\/wp-json\/wp\/v2\/comments?post=65065"}],"version-history":[{"count":0,"href":"https:\/\/www.locoxelrojo.com\/independiente\/wp-json\/wp\/v2\/posts\/65065\/revisions"}],"wp:featuredmedia":[{"embeddable":true,"href":"https:\/\/www.locoxelrojo.com\/independiente\/wp-json\/wp\/v2\/media\/65067"}],"wp:attachment":[{"href":"https:\/\/www.locoxelrojo.com\/independiente\/wp-json\/wp\/v2\/media?parent=65065"}],"wp:term":[{"taxonomy":"category","embeddable":true,"href":"https:\/\/www.locoxelrojo.com\/independiente\/wp-json\/wp\/v2\/categories?post=65065"},{"taxonomy":"post_tag","embeddable":true,"href":"https:\/\/www.locoxelrojo.com\/independiente\/wp-json\/wp\/v2\/tags?post=65065"}],"curies":[{"name":"wp","href":"https:\/\/api.w.org\/{rel}","templated":true}]}}