{"id":65244,"date":"2016-06-13T16:18:33","date_gmt":"2016-06-13T19:18:33","guid":{"rendered":"http:\/\/www.locoxelrojo.com\/independiente\/?p=65244"},"modified":"2016-06-13T16:18:33","modified_gmt":"2016-06-13T19:18:33","slug":"denis-estamos-todos-con-muchas-expectativas-y-una-gran-ilusion","status":"publish","type":"post","link":"https:\/\/www.locoxelrojo.com\/independiente\/2016\/06\/13\/denis-estamos-todos-con-muchas-expectativas-y-una-gran-ilusion\/","title":{"rendered":"Denis: &#8220;Estamos todos con muchas expectativas y una gran ilusi\u00f3n&#8221;"},"content":{"rendered":"<p><strong>Germ\u00e1n Denis habl\u00f3 en conferencia de prensa en el inicio de la pretemporada de Independiente y el primer d\u00eda del ciclo de Gabriel Milito.<\/strong><\/p>\n<p><strong>&#8220;Estamos todos con muchas expectativas y una gran ilusi\u00f3n. Gabriel nos transmiti\u00f3 lo que fue \u00e9l como jugador y nos pidi\u00f3 dar el cien por cien en cada entrenamiento y en cada partido. Que ninguno baje los brazos y todos estemos preparados para el momento que nos toque atravesar&#8221;<\/strong>, cont\u00f3 el Tanque.<\/p>\n<p><strong>&#8220;Hay que adaptarse a este nuevo sistema y trabajarlo. Todos vamos a estar en condiciones de hacerlo. Hay que acoplarse al grupo y estar bien preparados para demostrarle al t\u00e9cnico que podemos hacerlo&#8221;<\/strong>, agreg\u00f3 en relaci\u00f3n a la forma de juego que pretende el Mariscal.<\/p>\n<p>Denis comenz\u00f3 con trabajos individuales durante su estad\u00eda en Bariloche para llegar a punto a esta pretemporada. El delantero explic\u00f3 a que se debe esa decisi\u00f3n: <strong>&#8220;Hice un trabajo de base, sin ser tan exigente, para tratar de llegar de la mejor manera a la pretemporada. Tengo un f\u00edsico donde al inicio me cuesta. Voy a tratar de encarar el semestre con las mismas expectativas que cuando llegu\u00e9. Tengo que demostrar a qu\u00e9 vine. Ninguno tiene el puesto asegurado, la ilusi\u00f3n la tenemos todos y el que esta bien va a jugar\u201d<\/strong>.<\/p>\n<p>Para finalizar, remarc\u00f3 cu\u00e1les son los objetivos grupales para esta temporada. <strong>&#8220;No se trata de la obligaci\u00f3n de pelear un torneo, si no de lo que significa Independiente para el f\u00fatbol argentino y a nivel mundial. Vestir esta camiseta te obliga a estar entre los primeros. Esto es Independiente y hay que pelear hasta el final&#8221;<\/strong>, cerr\u00f3.<\/p>\n","protected":false},"excerpt":{"rendered":"<p>Germ\u00e1n Denis habl\u00f3 en conferencia de prensa en el inicio de la pretemporada de Independiente y el primer d\u00eda del ciclo de Gabriel Milito. &#8220;Estamos todos con muchas expectativas y una gran ilusi\u00f3n. Gabriel nos transmiti\u00f3 lo que fue \u00e9l como jugador y nos pidi\u00f3 dar el cien por cien en cada entrenamiento y en [&hellip;]<\/p>\n","protected":false},"author":1,"featured_media":65256,"comment_status":"open","ping_status":"closed","sticky":false,"template":"","format":"standard","meta":{"_links_to":"","_links_to_target":""},"categories":[3,1],"tags":[397],"_links":{"self":[{"href":"https:\/\/www.locoxelrojo.com\/independiente\/wp-json\/wp\/v2\/posts\/65244"}],"collection":[{"href":"https:\/\/www.locoxelrojo.com\/independiente\/wp-json\/wp\/v2\/posts"}],"about":[{"href":"https:\/\/www.locoxelrojo.com\/independiente\/wp-json\/wp\/v2\/types\/post"}],"author":[{"embeddable":true,"href":"https:\/\/www.locoxelrojo.com\/independiente\/wp-json\/wp\/v2\/users\/1"}],"replies":[{"embeddable":true,"href":"https:\/\/www.locoxelrojo.com\/independiente\/wp-json\/wp\/v2\/comments?post=65244"}],"version-history":[{"count":0,"href":"https:\/\/www.locoxelrojo.com\/independiente\/wp-json\/wp\/v2\/posts\/65244\/revisions"}],"wp:featuredmedia":[{"embeddable":true,"href":"https:\/\/www.locoxelrojo.com\/independiente\/wp-json\/wp\/v2\/media\/65256"}],"wp:attachment":[{"href":"https:\/\/www.locoxelrojo.com\/independiente\/wp-json\/wp\/v2\/media?parent=65244"}],"wp:term":[{"taxonomy":"category","embeddable":true,"href":"https:\/\/www.locoxelrojo.com\/independiente\/wp-json\/wp\/v2\/categories?post=65244"},{"taxonomy":"post_tag","embeddable":true,"href":"https:\/\/www.locoxelrojo.com\/independiente\/wp-json\/wp\/v2\/tags?post=65244"}],"curies":[{"name":"wp","href":"https:\/\/api.w.org\/{rel}","templated":true}]}}