{"id":65247,"date":"2016-06-13T16:20:06","date_gmt":"2016-06-13T19:20:06","guid":{"rendered":"http:\/\/www.locoxelrojo.com\/independiente\/?p=65247"},"modified":"2016-06-13T16:20:06","modified_gmt":"2016-06-13T19:20:06","slug":"pellerano-milito-era-la-persona-indicada-para-este-momento","status":"publish","type":"post","link":"https:\/\/www.locoxelrojo.com\/independiente\/2016\/06\/13\/pellerano-milito-era-la-persona-indicada-para-este-momento\/","title":{"rendered":"Pellerano: &#8220;Milito era la persona indicada para este momento&#8221;"},"content":{"rendered":"<p>Hern\u00e1n Pellerano habl\u00f3 en conferencia de prensa en el inicio de la pretemporada. El defensor dio sus primeras sensaciones sobre el comienzo del ciclo de Gabriel Milito: <strong>&#8220;Era la persona indicada&#8221;<\/strong>.<\/p>\n<p><strong>\u201cEs uno de los m\u00e1ximos \u00eddolos y sus palabras en las charlas nos dicen como es. Era la persona indicada para este momento\u201d<\/strong>, fueron las palabras de Pellerano sobre el flamante entrenador. <strong>&#8220;Habl\u00e9 con \u00e9l y es un t\u00e9cnico muy cercano al jugador. Le gusta motivar mucho individualmente y ojal\u00e1 que la llegada de Milito potencie el grupo&#8221;<\/strong>, agreg\u00f3.<\/p>\n<p>Luego, se refiri\u00f3 al sistema de juego que pretende utilizar el Mariscal: <strong>&#8220;Tenemos jugadores que manejan muy bien la pelota. Sabemos que tenemos que ser protagonistas en todas las canchas y estamos con muchas ganas y motivados para conseguir los objetivos&#8221;<\/strong>.<\/p>\n<p><strong>\u201cTodos empezamos de cero. Algunos est\u00e1n m\u00e1s arriba que otros, pero no hay que relajarse. Ahora es cuando m\u00e1s presi\u00f3n tenemos, porque queremos ganar algo. Los \u00fanicos responsables de no haber ganado un t\u00edtulo fuimos nosotros\u201d<\/strong>, cerr\u00f3.<\/p>\n","protected":false},"excerpt":{"rendered":"<p>Hern\u00e1n Pellerano habl\u00f3 en conferencia de prensa en el inicio de la pretemporada. El defensor dio sus primeras sensaciones sobre el comienzo del ciclo de Gabriel Milito: &#8220;Era la persona indicada&#8221;. \u201cEs uno de los m\u00e1ximos \u00eddolos y sus palabras en las charlas nos dicen como es. Era la persona indicada para este momento\u201d, fueron [&hellip;]<\/p>\n","protected":false},"author":1,"featured_media":65257,"comment_status":"open","ping_status":"closed","sticky":false,"template":"","format":"standard","meta":{"_links_to":"","_links_to_target":""},"categories":[3,1],"tags":[911,3120],"_links":{"self":[{"href":"https:\/\/www.locoxelrojo.com\/independiente\/wp-json\/wp\/v2\/posts\/65247"}],"collection":[{"href":"https:\/\/www.locoxelrojo.com\/independiente\/wp-json\/wp\/v2\/posts"}],"about":[{"href":"https:\/\/www.locoxelrojo.com\/independiente\/wp-json\/wp\/v2\/types\/post"}],"author":[{"embeddable":true,"href":"https:\/\/www.locoxelrojo.com\/independiente\/wp-json\/wp\/v2\/users\/1"}],"replies":[{"embeddable":true,"href":"https:\/\/www.locoxelrojo.com\/independiente\/wp-json\/wp\/v2\/comments?post=65247"}],"version-history":[{"count":0,"href":"https:\/\/www.locoxelrojo.com\/independiente\/wp-json\/wp\/v2\/posts\/65247\/revisions"}],"wp:featuredmedia":[{"embeddable":true,"href":"https:\/\/www.locoxelrojo.com\/independiente\/wp-json\/wp\/v2\/media\/65257"}],"wp:attachment":[{"href":"https:\/\/www.locoxelrojo.com\/independiente\/wp-json\/wp\/v2\/media?parent=65247"}],"wp:term":[{"taxonomy":"category","embeddable":true,"href":"https:\/\/www.locoxelrojo.com\/independiente\/wp-json\/wp\/v2\/categories?post=65247"},{"taxonomy":"post_tag","embeddable":true,"href":"https:\/\/www.locoxelrojo.com\/independiente\/wp-json\/wp\/v2\/tags?post=65247"}],"curies":[{"name":"wp","href":"https:\/\/api.w.org\/{rel}","templated":true}]}}