{"id":65251,"date":"2016-06-13T16:22:07","date_gmt":"2016-06-13T19:22:07","guid":{"rendered":"http:\/\/www.locoxelrojo.com\/independiente\/?p=65251"},"modified":"2016-06-13T16:22:07","modified_gmt":"2016-06-13T19:22:07","slug":"milito-tenemos-que-encontrar-un-funcionamiento-con-la-idea-fija-de-ganar-y-apuntar-a-lo-mas-alto","status":"publish","type":"post","link":"https:\/\/www.locoxelrojo.com\/independiente\/2016\/06\/13\/milito-tenemos-que-encontrar-un-funcionamiento-con-la-idea-fija-de-ganar-y-apuntar-a-lo-mas-alto\/","title":{"rendered":"Milito: &#8220;Tenemos que encontrar un funcionamiento con la idea fija de ganar y apuntar a lo m\u00e1s alto&#8221;"},"content":{"rendered":"<p><strong>Gabriel Milito habl\u00f3 en conferencia de prensa en el inicio de su ciclo como entrenador de Independiente.<\/strong><\/p>\n<p><strong>&#8220;Pusimos en marcha la pretemporada y noto un plantel con entusiasmo, al igual que todo mi cuerpo t\u00e9cnico. Por suerte ya empezamos la pretemporada en el centro de alto rendimiento, es un sue\u00f1o hecho realidad&#8221;<\/strong>, manifest\u00f3 el Mariscal.<\/p>\n<p>Luego, cont\u00f3 que se va a tomar unos d\u00edas para evaluar al plantel: <strong>&#8220;Tenemos hecho un an\u00e1lisis del plantel con el que contamos. Un entrenador analiza todo. El rendimiento es lo principal, pero tambi\u00e9n analizamos el comportamiento. En funci\u00f3n de lo que veamos estas dos semanas iremos o no por alg\u00fan refuerzo. Es importante la competencia interna y necesaria para formar un buen equipo&#8221;<\/strong>.<\/p>\n<p>En cuanto al mercado de pases, aclar\u00f3: <strong>&#8220;Hay muchos nombres de refuerzos que no son ciertos. Pueden llegar a venir refuerzos o, a lo mejor, nos quedamos con lo que tenemos&#8221;<\/strong>.<\/p>\n<p>Tambi\u00e9n, aprovech\u00f3 para dejar unas l\u00edneas sobre algunos casos puntuales del plantel: <strong>&#8220;Campa\u00f1a es un arquero que cuando le toc\u00f3 jugar lo hizo bastante bien y estuvo a la altura de Independiente. El Cebolla est\u00e1 iniciando la pretemporada junto al grupo, es muy importante para nosotros. Cuesta es un jugador fundamental por todo lo que viene haciendo en el equipo y es muy pronto para decir si Vera y Denis pueden jugar juntos, pero tenemos delanteros de mucho nivel&#8221;<\/strong>.<\/p>\n<p>Para finalizar, dej\u00f3 en claro cuales ser\u00e1n los objetivos grupales. <strong>&#8220;Es un club grande y se necesita una gran mentalidad, porque este club exige mucho, pero estamos preparados. Estoy entusiasmado y esperanzado de que va a ir todo bien. Tenemos que encontrar un funcionamiento con la idea fija de ganar para apuntar a lo m\u00e1s alto&#8221;<\/strong>, cerr\u00f3.<\/p>\n","protected":false},"excerpt":{"rendered":"<p>Gabriel Milito habl\u00f3 en conferencia de prensa en el inicio de su ciclo como entrenador de Independiente. &#8220;Pusimos en marcha la pretemporada y noto un plantel con entusiasmo, al igual que todo mi cuerpo t\u00e9cnico. Por suerte ya empezamos la pretemporada en el centro de alto rendimiento, es un sue\u00f1o hecho realidad&#8221;, manifest\u00f3 el Mariscal. [&hellip;]<\/p>\n","protected":false},"author":1,"featured_media":65258,"comment_status":"open","ping_status":"closed","sticky":false,"template":"","format":"standard","meta":{"_links_to":"","_links_to_target":""},"categories":[3,1],"tags":[42,3120],"_links":{"self":[{"href":"https:\/\/www.locoxelrojo.com\/independiente\/wp-json\/wp\/v2\/posts\/65251"}],"collection":[{"href":"https:\/\/www.locoxelrojo.com\/independiente\/wp-json\/wp\/v2\/posts"}],"about":[{"href":"https:\/\/www.locoxelrojo.com\/independiente\/wp-json\/wp\/v2\/types\/post"}],"author":[{"embeddable":true,"href":"https:\/\/www.locoxelrojo.com\/independiente\/wp-json\/wp\/v2\/users\/1"}],"replies":[{"embeddable":true,"href":"https:\/\/www.locoxelrojo.com\/independiente\/wp-json\/wp\/v2\/comments?post=65251"}],"version-history":[{"count":0,"href":"https:\/\/www.locoxelrojo.com\/independiente\/wp-json\/wp\/v2\/posts\/65251\/revisions"}],"wp:featuredmedia":[{"embeddable":true,"href":"https:\/\/www.locoxelrojo.com\/independiente\/wp-json\/wp\/v2\/media\/65258"}],"wp:attachment":[{"href":"https:\/\/www.locoxelrojo.com\/independiente\/wp-json\/wp\/v2\/media?parent=65251"}],"wp:term":[{"taxonomy":"category","embeddable":true,"href":"https:\/\/www.locoxelrojo.com\/independiente\/wp-json\/wp\/v2\/categories?post=65251"},{"taxonomy":"post_tag","embeddable":true,"href":"https:\/\/www.locoxelrojo.com\/independiente\/wp-json\/wp\/v2\/tags?post=65251"}],"curies":[{"name":"wp","href":"https:\/\/api.w.org\/{rel}","templated":true}]}}