{"id":65253,"date":"2016-06-13T16:16:23","date_gmt":"2016-06-13T19:16:23","guid":{"rendered":"http:\/\/www.locoxelrojo.com\/independiente\/?p=65253"},"modified":"2016-06-13T16:26:51","modified_gmt":"2016-06-13T19:26:51","slug":"arranco-el-ciclo-de-gabriel-milito","status":"publish","type":"post","link":"https:\/\/www.locoxelrojo.com\/independiente\/2016\/06\/13\/arranco-el-ciclo-de-gabriel-milito\/","title":{"rendered":"Arranc\u00f3 el ciclo de Gabriel Milito"},"content":{"rendered":"<p><strong>El plantel de Independiente comenz\u00f3 este lunes con los trabajos de pretemporada en el Centro de Alto Rendimiento del predio de Villa Dom\u00ednico, bajo las \u00f3rdenes de Gabriel Milito. En estuvieron presentes 25 jugadores y a la espera de V\u00edctor Cuesta, Mart\u00edn Campa\u00f1a, Gast\u00f3n Del Castillo y la resoluci\u00f3n sobre la vuelta de Nicol\u00e1s Figal.<\/strong><\/p>\n<p>Arranc\u00f3 la era Milito en Independiente. Como le pidi\u00f3 a los dirigentes, lo pudo comenzar en el Centro de Alto Rendimiento que junto a Sergio Ag\u00fcero donaron para el club. <strong>La pr\u00e1ctica empez\u00f3 a las 8 de la ma\u00f1ana, con estudios m\u00e9dicos para los jugadores y un desayuno grupal en el flamante comedor del complejo. <\/strong><\/p>\n<p>Luego de los trabajos en el gimnasio, lleg\u00f3 el turno de los ejercicios de campo. <strong>Los arqueros se movieron en forma diferenciada bajo la atenta mirada de Sergio Di Bartolo, mientras que el resto, hizo hincapi\u00e9 en rutinas de velocidad y resistencia.<\/strong><\/p>\n<p>En total fueron 25 los jugadores convocados por Milito. <strong>Para este jueves est\u00e1n previstas las llegadas Campa\u00f1a y Del Castillo, quienes se encuentran con la Selecci\u00f3n de Uruguay y la Selecci\u00f3n Argentina Sub 20, respectivamente. Cuando finalice la participaci\u00f3n de la Selecci\u00f3n Argentina en la Copa Am\u00e9rica, se sumar\u00e1 al grupo Cuesta. <\/strong><\/p>\n<p><strong>Los 25:<\/strong><\/p>\n<p><strong>Arqueros:<\/strong> Facundo Daffonchio, Gonzalo Rehak y Diego Rodr\u00edguez.<\/p>\n<p><strong>Defensores:<\/strong> Gustavo Toledo, Hern\u00e1n Pellerano, Nicol\u00e1s Tagliafico, Emanuel Aguilera, Rodrigo Moreira, Rafael Barrios, Fabricio Bustos, N\u00e9stor Breitenbruch.<\/p>\n<p><strong>Volantes:<\/strong> Jes\u00fas M\u00e9ndez, Jorge Ort\u00edz, Rodrigo G\u00f3mez, Claudio Aquino, Diego Rodr\u00edguez Berrini, Cristian Rodr\u00edguez, Domingo Blanco, Juli\u00e1n Vitale y Emiliano Rigoni.<\/p>\n<p><strong>Delanteros:<\/strong> Lucas Albertengo, Diego Vera, Germ\u00e1n Denis, Leandro Fern\u00e1ndez y Mart\u00edn Ben\u00edtez.<\/p>\n<p><strong>Mir\u00e1 las fotos de la pr\u00e1ctica <a href=\"http:\/\/www.locoxelrojo.com.ar\/galerias\/thumbnails.php?album=560\">ac\u00e1<\/a><\/strong><\/p>\n","protected":false},"excerpt":{"rendered":"<p>El plantel de Independiente comenz\u00f3 este lunes con los trabajos de pretemporada en el Centro de Alto Rendimiento del predio de Villa Dom\u00ednico, bajo las \u00f3rdenes de Gabriel Milito. En estuvieron presentes 25 jugadores y a la espera de V\u00edctor Cuesta, Mart\u00edn Campa\u00f1a, Gast\u00f3n Del Castillo y la resoluci\u00f3n sobre la vuelta de Nicol\u00e1s Figal. [&hellip;]<\/p>\n","protected":false},"author":1,"featured_media":65254,"comment_status":"open","ping_status":"closed","sticky":false,"template":"","format":"standard","meta":{"_links_to":"","_links_to_target":""},"categories":[3,1],"tags":[42,3120,172],"_links":{"self":[{"href":"https:\/\/www.locoxelrojo.com\/independiente\/wp-json\/wp\/v2\/posts\/65253"}],"collection":[{"href":"https:\/\/www.locoxelrojo.com\/independiente\/wp-json\/wp\/v2\/posts"}],"about":[{"href":"https:\/\/www.locoxelrojo.com\/independiente\/wp-json\/wp\/v2\/types\/post"}],"author":[{"embeddable":true,"href":"https:\/\/www.locoxelrojo.com\/independiente\/wp-json\/wp\/v2\/users\/1"}],"replies":[{"embeddable":true,"href":"https:\/\/www.locoxelrojo.com\/independiente\/wp-json\/wp\/v2\/comments?post=65253"}],"version-history":[{"count":0,"href":"https:\/\/www.locoxelrojo.com\/independiente\/wp-json\/wp\/v2\/posts\/65253\/revisions"}],"wp:featuredmedia":[{"embeddable":true,"href":"https:\/\/www.locoxelrojo.com\/independiente\/wp-json\/wp\/v2\/media\/65254"}],"wp:attachment":[{"href":"https:\/\/www.locoxelrojo.com\/independiente\/wp-json\/wp\/v2\/media?parent=65253"}],"wp:term":[{"taxonomy":"category","embeddable":true,"href":"https:\/\/www.locoxelrojo.com\/independiente\/wp-json\/wp\/v2\/categories?post=65253"},{"taxonomy":"post_tag","embeddable":true,"href":"https:\/\/www.locoxelrojo.com\/independiente\/wp-json\/wp\/v2\/tags?post=65253"}],"curies":[{"name":"wp","href":"https:\/\/api.w.org\/{rel}","templated":true}]}}