{"id":65261,"date":"2016-06-13T23:13:05","date_gmt":"2016-06-14T02:13:05","guid":{"rendered":"http:\/\/www.locoxelrojo.com\/independiente\/?p=65261"},"modified":"2016-06-13T23:13:05","modified_gmt":"2016-06-14T02:13:05","slug":"d-rodriguez-quiero-quedarme-y-demostrar-que-puedo-ser-titular","status":"publish","type":"post","link":"https:\/\/www.locoxelrojo.com\/independiente\/2016\/06\/13\/d-rodriguez-quiero-quedarme-y-demostrar-que-puedo-ser-titular\/","title":{"rendered":"D. Rodr\u00edguez: \u201cQuiero quedarme y demostrar que puedo ser titular\u201d"},"content":{"rendered":"<p><strong>Diego Rodr\u00edguez<\/strong> manifest\u00f3 que <strong>su idea es continuar en el club, revertir la situaci\u00f3n con los hinchas y pelearle el puesto a Mart\u00edn Campa\u00f1a.<\/strong> Por otro lado, el Ruso asegur\u00f3: <strong>\u201cEn la calle la gente me demostr\u00f3 mucho cari\u00f1o\u201d<\/strong>.<\/p>\n<p><strong>\u201cEn estos d\u00edas de pretemporada seguro hablaremos en profundidad con Milito pero quiero entrenarme al 100% para demostrarle al DT que quiero estar, que quiero volver a jugar y que puedo darle mucho\u201d<\/strong>, asegur\u00f3 esta tarde el arquero en Fox Sports Radio.<\/p>\n<p>Adem\u00e1s, cont\u00f3 que personalmente le vino bien el parate: <strong>\u201cReci\u00e9n volvimos de la vacaciones y me sirvieron para desenchufarme. Pude pensar en fr\u00edo y entender todo lo que significa este club para m\u00ed. Eso me dio muchas fuerzas para volver con todas las ganas a trabajar y a pelear por la titularidad\u201d. Y luego, explic\u00f3: \u201cIndependiente es mi casa y me duelen las situaciones que me tocaron vivir, pero de todo se aprende\u201d.<\/strong><\/p>\n<p>Mientras que con respecto a su relaci\u00f3n con los hinchas, Rodr\u00edguez asegur\u00f3: <strong>\u201cLo que pas\u00f3 fue puntual en algunos partidos. En la calle la gente me demostr\u00f3 mucho cari\u00f1o, incluso en la fiesta en La Rural. La gente me reconoce bien en el cara a cara\u201d.<\/strong><\/p>\n<p>Finalmente se refiri\u00f3 a Campa\u00f1a, quien ataj\u00f3 12 partidos en el Rojo y mantuvo la valla invicta en 6 de ellos. <strong>\u201cEs un gran arquero, tal es as\u00ed que est\u00e1 en la Copa Am\u00e9rica. Ha respondido siempre y muy bien y yo reconozco que ha hecho muy bien las cosas para ser el arquero de Independiente\u201d<\/strong>, cerr\u00f3.<\/p>\n","protected":false},"excerpt":{"rendered":"<p>Diego Rodr\u00edguez manifest\u00f3 que su idea es continuar en el club, revertir la situaci\u00f3n con los hinchas y pelearle el puesto a Mart\u00edn Campa\u00f1a. Por otro lado, el Ruso asegur\u00f3: \u201cEn la calle la gente me demostr\u00f3 mucho cari\u00f1o\u201d. \u201cEn estos d\u00edas de pretemporada seguro hablaremos en profundidad con Milito pero quiero entrenarme al 100% [&hellip;]<\/p>\n","protected":false},"author":19,"featured_media":65262,"comment_status":"open","ping_status":"closed","sticky":false,"template":"","format":"standard","meta":{"_links_to":"","_links_to_target":""},"categories":[3,1],"tags":[181],"_links":{"self":[{"href":"https:\/\/www.locoxelrojo.com\/independiente\/wp-json\/wp\/v2\/posts\/65261"}],"collection":[{"href":"https:\/\/www.locoxelrojo.com\/independiente\/wp-json\/wp\/v2\/posts"}],"about":[{"href":"https:\/\/www.locoxelrojo.com\/independiente\/wp-json\/wp\/v2\/types\/post"}],"author":[{"embeddable":true,"href":"https:\/\/www.locoxelrojo.com\/independiente\/wp-json\/wp\/v2\/users\/19"}],"replies":[{"embeddable":true,"href":"https:\/\/www.locoxelrojo.com\/independiente\/wp-json\/wp\/v2\/comments?post=65261"}],"version-history":[{"count":0,"href":"https:\/\/www.locoxelrojo.com\/independiente\/wp-json\/wp\/v2\/posts\/65261\/revisions"}],"wp:featuredmedia":[{"embeddable":true,"href":"https:\/\/www.locoxelrojo.com\/independiente\/wp-json\/wp\/v2\/media\/65262"}],"wp:attachment":[{"href":"https:\/\/www.locoxelrojo.com\/independiente\/wp-json\/wp\/v2\/media?parent=65261"}],"wp:term":[{"taxonomy":"category","embeddable":true,"href":"https:\/\/www.locoxelrojo.com\/independiente\/wp-json\/wp\/v2\/categories?post=65261"},{"taxonomy":"post_tag","embeddable":true,"href":"https:\/\/www.locoxelrojo.com\/independiente\/wp-json\/wp\/v2\/tags?post=65261"}],"curies":[{"name":"wp","href":"https:\/\/api.w.org\/{rel}","templated":true}]}}