{"id":65313,"date":"2016-06-16T16:00:42","date_gmt":"2016-06-16T19:00:42","guid":{"rendered":"http:\/\/www.locoxelrojo.com\/independiente\/?p=65313"},"modified":"2016-06-16T21:45:09","modified_gmt":"2016-06-17T00:45:09","slug":"regresaron-campana-y-del-castillo","status":"publish","type":"post","link":"https:\/\/www.locoxelrojo.com\/independiente\/2016\/06\/16\/regresaron-campana-y-del-castillo\/","title":{"rendered":"Regresaron Campa\u00f1a y Del Castillo"},"content":{"rendered":"<p>Los dirigidos por Gabriel Milito contin\u00faan con su preparaci\u00f3n de cara a un nuevo torneo. Este jueves por la ma\u00f1ana en Villa Dom\u00ednico <strong>la novedad principal pas\u00f3 por las reincorporaciones de Mart\u00edn Campa\u00f1a y Gast\u00f3n Del Castillo, quienes hab\u00edan sido convocados\u00a0a sus respectivas selecciones.<\/strong><\/p>\n<p>Para el entrenamiento de hoy Milito dividi\u00f3 al plantel en grupos con el fin de realizar <strong>diversos trabajos f\u00edsicos<\/strong>. Luego de esa primera etapa, hubo<strong>\u00a0ejercicios con pelota donde se buscaba combinar velocidad con precisi\u00f3n.<\/strong><\/p>\n<p><strong>Campa\u00f1a,<\/strong> quien se reintegr\u00f3 al plantel luego de no haber sumado minutos con Uruguay en la Copa Am\u00e9rica,<strong> trabaj\u00f3 junto con los arqueros.<\/strong> Mientras que <strong>el hermano del Kun volvi\u00f3 tras su paso por la Selecci\u00f3n Argentina Sub 20, donde ofici\u00f3 como sparring.<\/strong><\/p>\n<p>La pr\u00e1ctica finaliz\u00f3 con una elongaci\u00f3n grupal, una charla del Mariscal con todos los jugadores y <strong>un di\u00e1logo mano a mano entre el t\u00e9cnico y Cristian Rodr\u00edguez.<\/strong> Este viernes por la ma\u00f1ana, el plantel regresar\u00e1 a las actividades para un doble turno a puertas cerradas.<\/p>\n","protected":false},"excerpt":{"rendered":"<p>Los dirigidos por Gabriel Milito contin\u00faan con su preparaci\u00f3n de cara a un nuevo torneo. Este jueves por la ma\u00f1ana en Villa Dom\u00ednico la novedad principal pas\u00f3 por las reincorporaciones de Mart\u00edn Campa\u00f1a y Gast\u00f3n Del Castillo, quienes hab\u00edan sido convocados\u00a0a sus respectivas selecciones. Para el entrenamiento de hoy Milito dividi\u00f3 al plantel en grupos [&hellip;]<\/p>\n","protected":false},"author":19,"featured_media":65314,"comment_status":"open","ping_status":"closed","sticky":false,"template":"","format":"standard","meta":{"_links_to":"","_links_to_target":""},"categories":[3,1],"tags":[26,42,1574,3126,172],"_links":{"self":[{"href":"https:\/\/www.locoxelrojo.com\/independiente\/wp-json\/wp\/v2\/posts\/65313"}],"collection":[{"href":"https:\/\/www.locoxelrojo.com\/independiente\/wp-json\/wp\/v2\/posts"}],"about":[{"href":"https:\/\/www.locoxelrojo.com\/independiente\/wp-json\/wp\/v2\/types\/post"}],"author":[{"embeddable":true,"href":"https:\/\/www.locoxelrojo.com\/independiente\/wp-json\/wp\/v2\/users\/19"}],"replies":[{"embeddable":true,"href":"https:\/\/www.locoxelrojo.com\/independiente\/wp-json\/wp\/v2\/comments?post=65313"}],"version-history":[{"count":0,"href":"https:\/\/www.locoxelrojo.com\/independiente\/wp-json\/wp\/v2\/posts\/65313\/revisions"}],"wp:featuredmedia":[{"embeddable":true,"href":"https:\/\/www.locoxelrojo.com\/independiente\/wp-json\/wp\/v2\/media\/65314"}],"wp:attachment":[{"href":"https:\/\/www.locoxelrojo.com\/independiente\/wp-json\/wp\/v2\/media?parent=65313"}],"wp:term":[{"taxonomy":"category","embeddable":true,"href":"https:\/\/www.locoxelrojo.com\/independiente\/wp-json\/wp\/v2\/categories?post=65313"},{"taxonomy":"post_tag","embeddable":true,"href":"https:\/\/www.locoxelrojo.com\/independiente\/wp-json\/wp\/v2\/tags?post=65313"}],"curies":[{"name":"wp","href":"https:\/\/api.w.org\/{rel}","templated":true}]}}