{"id":65332,"date":"2016-06-18T18:52:22","date_gmt":"2016-06-18T21:52:22","guid":{"rendered":"http:\/\/www.locoxelrojo.com\/independiente\/?p=65332"},"modified":"2016-06-18T18:52:22","modified_gmt":"2016-06-18T21:52:22","slug":"maldonado-no-estamos-dispuestos-a-pagar-una-fortuna-por-nadie","status":"publish","type":"post","link":"https:\/\/www.locoxelrojo.com\/independiente\/2016\/06\/18\/maldonado-no-estamos-dispuestos-a-pagar-una-fortuna-por-nadie\/","title":{"rendered":"Maldonado: \u201cNo estamos dispuestos a pagar una fortuna por nadie\u201d"},"content":{"rendered":"<p>As\u00ed de tajante respondi\u00f3 <strong>H\u00e9ctor Maldonado<\/strong> cuando fue consultado sobre los posibles jugadores que podr\u00edan llegar a Independiente. El Secretario General de la instituci\u00f3n tambi\u00e9n <strong>afirm\u00f3 que lo de Dami\u00e1n Martinez est\u00e1 muy cerca de concretarse y descart\u00f3 las llegadas\u00a0de Lucas Zelaray\u00e1n y V\u00edctor Salazar.<\/strong><\/p>\n<p><strong>\u201cA estas horas no hay avances en las negociaciones de (Juan) S\u00e1nchez Mi\u00f1o y (Jonathan) Schunke\u201d<\/strong>, se\u00f1al\u00f3 Yoyo en di\u00e1logo con Emoci\u00f3n Roja. Y luego, a\u00f1adi\u00f3: <strong>\u201cDe llegar alg\u00fan jugador ser\u00e1 para potenciar lo que tenemos, no estamos dispuestos a pagar una fortuna por nadie\u201d.<\/strong><\/p>\n<p>En este sentido el dirigente indic\u00f3 que <strong>\u201cse est\u00e1 hablando con Defensa y Justicia por Dami\u00e1n Mart\u00ednez y posiblemente llegue a Independiente\u201d.<\/strong> Sin embargo desestim\u00f3 los arribos\u00a0de dos nombres que se ven\u00edan barajando: <strong>\u201cQuer\u00edamos a Zelaray\u00e1n pero es imposible que venga y lo de Salazar est\u00e1 descartado. Estamos tratando de destrabar lo de Figal\u201d.<\/strong><\/p>\n<p>Con respecto a los futbolistas que podr\u00edan emigrar,\u00a0Maldonado asegur\u00f3: <strong>\u201cNo han realizado ofertas concretas por ninguno de nuestros jugadores\u201d.<\/strong> Y sobre el final\u00a0hubo palabras para el \u00fanico representante del Rojo en la Copa Am\u00e9rica Centenario: <strong>\u201cCuesta es un gran jugador y le hemos realizado una mejora en su contrato para que se quede con nosotros\u201d.<\/strong><\/p>\n","protected":false},"excerpt":{"rendered":"<p>As\u00ed de tajante respondi\u00f3 H\u00e9ctor Maldonado cuando fue consultado sobre los posibles jugadores que podr\u00edan llegar a Independiente. El Secretario General de la instituci\u00f3n tambi\u00e9n afirm\u00f3 que lo de Dami\u00e1n Martinez est\u00e1 muy cerca de concretarse y descart\u00f3 las llegadas\u00a0de Lucas Zelaray\u00e1n y V\u00edctor Salazar. \u201cA estas horas no hay avances en las negociaciones de [&hellip;]<\/p>\n","protected":false},"author":19,"featured_media":65333,"comment_status":"open","ping_status":"closed","sticky":false,"template":"","format":"standard","meta":{"_links_to":"","_links_to_target":""},"categories":[3,1],"tags":[951,129,3191,3190,2836,3196],"_links":{"self":[{"href":"https:\/\/www.locoxelrojo.com\/independiente\/wp-json\/wp\/v2\/posts\/65332"}],"collection":[{"href":"https:\/\/www.locoxelrojo.com\/independiente\/wp-json\/wp\/v2\/posts"}],"about":[{"href":"https:\/\/www.locoxelrojo.com\/independiente\/wp-json\/wp\/v2\/types\/post"}],"author":[{"embeddable":true,"href":"https:\/\/www.locoxelrojo.com\/independiente\/wp-json\/wp\/v2\/users\/19"}],"replies":[{"embeddable":true,"href":"https:\/\/www.locoxelrojo.com\/independiente\/wp-json\/wp\/v2\/comments?post=65332"}],"version-history":[{"count":0,"href":"https:\/\/www.locoxelrojo.com\/independiente\/wp-json\/wp\/v2\/posts\/65332\/revisions"}],"wp:featuredmedia":[{"embeddable":true,"href":"https:\/\/www.locoxelrojo.com\/independiente\/wp-json\/wp\/v2\/media\/65333"}],"wp:attachment":[{"href":"https:\/\/www.locoxelrojo.com\/independiente\/wp-json\/wp\/v2\/media?parent=65332"}],"wp:term":[{"taxonomy":"category","embeddable":true,"href":"https:\/\/www.locoxelrojo.com\/independiente\/wp-json\/wp\/v2\/categories?post=65332"},{"taxonomy":"post_tag","embeddable":true,"href":"https:\/\/www.locoxelrojo.com\/independiente\/wp-json\/wp\/v2\/tags?post=65332"}],"curies":[{"name":"wp","href":"https:\/\/api.w.org\/{rel}","templated":true}]}}