{"id":65344,"date":"2016-06-19T20:55:51","date_gmt":"2016-06-19T23:55:51","guid":{"rendered":"http:\/\/www.locoxelrojo.com\/independiente\/?p=65344"},"modified":"2016-06-19T20:55:51","modified_gmt":"2016-06-19T23:55:51","slug":"schunke-mi-cabeza-esta-puesta-en-estudiantes","status":"publish","type":"post","link":"https:\/\/www.locoxelrojo.com\/independiente\/2016\/06\/19\/schunke-mi-cabeza-esta-puesta-en-estudiantes\/","title":{"rendered":"Schunke: \u201cMi cabeza est\u00e1 puesta en Estudiantes\u201d"},"content":{"rendered":"<p><strong>Jonathan Schunke<\/strong>\u00a0reconoci\u00f3 el inter\u00e9s de Independiente aunque admiti\u00f3 que se siente c\u00f3modo en Estudiantes. Por otro lado, se refiri\u00f3 a Gabriel Milito y se\u00f1al\u00f3: <strong>&#8220;Deseo que le vaya muy bien y consiga cosas importantes&#8221;<\/strong>.<\/p>\n<p>En di\u00e1logo con Closs Continental, el defensor de 29 a\u00f1os manifest\u00f3: <strong>\u201cEs muy gratificante que un club como Independiente se fije en m\u00ed, pero ac\u00e1 estoy muy c\u00f3modo y no pienso m\u00e1s all\u00e1. S\u00e9 que estuvieron preguntando porque han hablado con (Agust\u00edn) Alayes, pero hasta hoy sigo siendo jugador de Estudiantes\u201d<\/strong>.<\/p>\n<p>En ese sentido, Schunke ampli\u00f3: <strong>\u201cMi cabeza est\u00e1 puesta en Estudiantes.\u00a0Estoy muy agradecido con Independiente pero no s\u00e9 nada m\u00e1s\u201d.<\/strong><\/p>\n<p>Luego elogi\u00f3 al Mariscal, a quien conoce de su paso por el Pincha. <strong>\u201cMilito es un t\u00e9cnico que tiene muy claro lo que quiere, deseo que le vaya muy bien en Independiente y consiga cosas importantes\u201d<\/strong>, indic\u00f3. Y sobre\u00a0el final, agreg\u00f3: <strong>\u201cNo me ha llamado directamente pero tengo buena relaci\u00f3n con uno de los preparadores f\u00edsicos\u201d.<\/strong><\/p>\n","protected":false},"excerpt":{"rendered":"<p>Jonathan Schunke\u00a0reconoci\u00f3 el inter\u00e9s de Independiente aunque admiti\u00f3 que se siente c\u00f3modo en Estudiantes. Por otro lado, se refiri\u00f3 a Gabriel Milito y se\u00f1al\u00f3: &#8220;Deseo que le vaya muy bien y consiga cosas importantes&#8221;. En di\u00e1logo con Closs Continental, el defensor de 29 a\u00f1os manifest\u00f3: \u201cEs muy gratificante que un club como Independiente se fije [&hellip;]<\/p>\n","protected":false},"author":19,"featured_media":65345,"comment_status":"open","ping_status":"closed","sticky":false,"template":"","format":"standard","meta":{"_links_to":"","_links_to_target":""},"categories":[3,1],"tags":[3191],"_links":{"self":[{"href":"https:\/\/www.locoxelrojo.com\/independiente\/wp-json\/wp\/v2\/posts\/65344"}],"collection":[{"href":"https:\/\/www.locoxelrojo.com\/independiente\/wp-json\/wp\/v2\/posts"}],"about":[{"href":"https:\/\/www.locoxelrojo.com\/independiente\/wp-json\/wp\/v2\/types\/post"}],"author":[{"embeddable":true,"href":"https:\/\/www.locoxelrojo.com\/independiente\/wp-json\/wp\/v2\/users\/19"}],"replies":[{"embeddable":true,"href":"https:\/\/www.locoxelrojo.com\/independiente\/wp-json\/wp\/v2\/comments?post=65344"}],"version-history":[{"count":0,"href":"https:\/\/www.locoxelrojo.com\/independiente\/wp-json\/wp\/v2\/posts\/65344\/revisions"}],"wp:featuredmedia":[{"embeddable":true,"href":"https:\/\/www.locoxelrojo.com\/independiente\/wp-json\/wp\/v2\/media\/65345"}],"wp:attachment":[{"href":"https:\/\/www.locoxelrojo.com\/independiente\/wp-json\/wp\/v2\/media?parent=65344"}],"wp:term":[{"taxonomy":"category","embeddable":true,"href":"https:\/\/www.locoxelrojo.com\/independiente\/wp-json\/wp\/v2\/categories?post=65344"},{"taxonomy":"post_tag","embeddable":true,"href":"https:\/\/www.locoxelrojo.com\/independiente\/wp-json\/wp\/v2\/tags?post=65344"}],"curies":[{"name":"wp","href":"https:\/\/api.w.org\/{rel}","templated":true}]}}