{"id":65428,"date":"2016-06-24T17:34:11","date_gmt":"2016-06-24T20:34:11","guid":{"rendered":"http:\/\/www.locoxelrojo.com\/independiente\/?p=65428"},"modified":"2016-06-24T17:34:11","modified_gmt":"2016-06-24T20:34:11","slug":"la-fifa-intervino-al-futbol-argentino","status":"publish","type":"post","link":"https:\/\/www.locoxelrojo.com\/independiente\/2016\/06\/24\/la-fifa-intervino-al-futbol-argentino\/","title":{"rendered":"La FIFA intervino al f\u00fatbol argentino"},"content":{"rendered":"<p><strong>La Federaci\u00f3n Internacional de F\u00fatbol Asociado confirm\u00f3 la creaci\u00f3n de un ente regularizador que se encargar\u00e1 de gestionar las actividades de la AFA hasta la celebraci\u00f3n de las pr\u00f3ximas elecciones, en junio de 2017. De esta manera, Luis Segura qued\u00f3 desplazado de su cargo como presidente.<\/strong><\/p>\n<p><strong>\u201cEl Bureau del Consejo de la FIFA ha decidido el viernes 24 de junio de 2016 nombrar un comit\u00e9 de regularizaci\u00f3n para la Asociaci\u00f3n del F\u00fatbol Argentino\u201d<\/strong>, se\u00f1al\u00f3 el comunicado emitido desde Z\u00farich. Y luego, agreg\u00f3: <strong>\u201cEste comit\u00e9 se encargar\u00e1 de administrar la actividad diaria de la AFA, revisar sus estatutos para adaptarlos a la \u00faltima versi\u00f3n de los Estatutos Modelo de la FIFA y organizar elecciones, para lo cual tendr\u00e1 como fecha l\u00edmite el 30 de junio de 2017\u201d.<\/strong><\/p>\n<p>Como consecuencia, <strong>Segura no ser\u00e1 m\u00e1s la m\u00e1xima autoridad de la entidad de la calle Viamonte. Su lugar ser\u00e1 ocupado, interinamente, por<\/strong> el Secretario Administrativo, <strong>Dami\u00e1n Dupelliet<\/strong>.<\/p>\n<p><strong>\u201cEl \u00f3rgano provisional estar\u00e1 formado por entre cinco y siete miembros, a quienes seleccionar\u00e1 una delegaci\u00f3n conjunta que la FIFA y la CONMEBOL enviar\u00e1n pr\u00f3ximamente; el comit\u00e9 de regularizaci\u00f3n actuar\u00e1 como comisi\u00f3n electoral y ninguno de sus miembros podr\u00e1 optar a los cargos convocados en los comicios\u201d<\/strong>, concluy\u00f3 el escrito.<\/p>\n","protected":false},"excerpt":{"rendered":"<p>La Federaci\u00f3n Internacional de F\u00fatbol Asociado confirm\u00f3 la creaci\u00f3n de un ente regularizador que se encargar\u00e1 de gestionar las actividades de la AFA hasta la celebraci\u00f3n de las pr\u00f3ximas elecciones, en junio de 2017. De esta manera, Luis Segura qued\u00f3 desplazado de su cargo como presidente. \u201cEl Bureau del Consejo de la FIFA ha decidido [&hellip;]<\/p>\n","protected":false},"author":19,"featured_media":53414,"comment_status":"open","ping_status":"closed","sticky":false,"template":"","format":"standard","meta":{"_links_to":"","_links_to_target":""},"categories":[1],"tags":[218,3199,1729,2144],"_links":{"self":[{"href":"https:\/\/www.locoxelrojo.com\/independiente\/wp-json\/wp\/v2\/posts\/65428"}],"collection":[{"href":"https:\/\/www.locoxelrojo.com\/independiente\/wp-json\/wp\/v2\/posts"}],"about":[{"href":"https:\/\/www.locoxelrojo.com\/independiente\/wp-json\/wp\/v2\/types\/post"}],"author":[{"embeddable":true,"href":"https:\/\/www.locoxelrojo.com\/independiente\/wp-json\/wp\/v2\/users\/19"}],"replies":[{"embeddable":true,"href":"https:\/\/www.locoxelrojo.com\/independiente\/wp-json\/wp\/v2\/comments?post=65428"}],"version-history":[{"count":0,"href":"https:\/\/www.locoxelrojo.com\/independiente\/wp-json\/wp\/v2\/posts\/65428\/revisions"}],"wp:featuredmedia":[{"embeddable":true,"href":"https:\/\/www.locoxelrojo.com\/independiente\/wp-json\/wp\/v2\/media\/53414"}],"wp:attachment":[{"href":"https:\/\/www.locoxelrojo.com\/independiente\/wp-json\/wp\/v2\/media?parent=65428"}],"wp:term":[{"taxonomy":"category","embeddable":true,"href":"https:\/\/www.locoxelrojo.com\/independiente\/wp-json\/wp\/v2\/categories?post=65428"},{"taxonomy":"post_tag","embeddable":true,"href":"https:\/\/www.locoxelrojo.com\/independiente\/wp-json\/wp\/v2\/tags?post=65428"}],"curies":[{"name":"wp","href":"https:\/\/api.w.org\/{rel}","templated":true}]}}