{"id":65499,"date":"2016-06-30T14:14:16","date_gmt":"2016-06-30T17:14:16","guid":{"rendered":"http:\/\/www.locoxelrojo.com\/independiente\/?p=65499"},"modified":"2016-06-30T14:14:16","modified_gmt":"2016-06-30T17:14:16","slug":"patricio-vidal-el-quinto-en-irse","status":"publish","type":"post","link":"https:\/\/www.locoxelrojo.com\/independiente\/2016\/06\/30\/patricio-vidal-el-quinto-en-irse\/","title":{"rendered":"Patricio Vidal, el quinto en irse"},"content":{"rendered":"<p><strong>Lleg\u00f3 el 30 de junio y Patricio Vidal qued\u00f3 libre de Independiente.<\/strong> El juvenil surgido de las Divisiones Inferiores quien hasta hace d\u00edas atr\u00e1s estaba a pr\u00e9stamo en Uni\u00f3n La Calera de Chile ya no tiene nada que ver con el club y <strong>es el quinto jugador en irse durante este mercado de pases.<\/strong><\/p>\n<p>Vidal debut\u00f3 en el Rojo en el 2011. Al no tener mucha continuidad se fue a probar suerte a tierras chilenas donde jug\u00f3 en Uni\u00f3n Espa\u00f1ola y su \u00faltimo club fue Uni\u00f3n La Calera. <strong>El pr\u00e9stamo finaliz\u00f3 y este jueves venci\u00f3 su contrato con Independiente donde Gabriel Milito no lo va a tener en cuenta. De esta manera, el tucumano qued\u00f3 en libertad de acci\u00f3n y con el pase en su poder.<\/strong><\/p>\n<p>El futuro del delantero a\u00fan es incierto. <strong>Debido a su buen paso por Chile tiene algunas ofertas de esa pa\u00eds y tambi\u00e9n hay sondeos de varios clubes argentinos que est\u00e1n interesados en contar con sus servicios.<\/strong><\/p>\n<p><strong>Con la camiseta de Independiente disput\u00f3 28 partidos, siete de ellos ingres\u00f3 desde el banco de suplentes, y convirti\u00f3 dos goles.<\/strong><\/p>\n<p><span style=\"text-decoration: underline;\"><strong>Los que ya se fueron<\/strong><\/span><\/p>\n<p>1. Ezequiel Vidal \u2013 Rescindi\u00f3 \u2013 Regres\u00f3 a Olimpo y se fue a pr\u00e9stamo al Delf\u00edn Sporting Club de Ecuador.<\/p>\n<p>2. Emanuel Aguilera \u2013 Venta al Tijuana de M\u00e9xico.<\/p>\n<p>3. Marcelo Vidal \u2013 Libre \u2013 Continuar\u00e1 en Blooming de Bolivia.<\/p>\n<p>4. Rodrigo G\u00f3mez &#8211; Venta al Toluca de M\u00e9xico.<\/p>\n<p>5. Patricio Vidal &#8211; Libre.<\/p>\n","protected":false},"excerpt":{"rendered":"<p>Lleg\u00f3 el 30 de junio y Patricio Vidal qued\u00f3 libre de Independiente. El juvenil surgido de las Divisiones Inferiores quien hasta hace d\u00edas atr\u00e1s estaba a pr\u00e9stamo en Uni\u00f3n La Calera de Chile ya no tiene nada que ver con el club y es el quinto jugador en irse durante este mercado de pases. Vidal [&hellip;]<\/p>\n","protected":false},"author":1,"featured_media":65500,"comment_status":"open","ping_status":"closed","sticky":false,"template":"","format":"standard","meta":{"_links_to":"","_links_to_target":""},"categories":[3,1],"tags":[98],"_links":{"self":[{"href":"https:\/\/www.locoxelrojo.com\/independiente\/wp-json\/wp\/v2\/posts\/65499"}],"collection":[{"href":"https:\/\/www.locoxelrojo.com\/independiente\/wp-json\/wp\/v2\/posts"}],"about":[{"href":"https:\/\/www.locoxelrojo.com\/independiente\/wp-json\/wp\/v2\/types\/post"}],"author":[{"embeddable":true,"href":"https:\/\/www.locoxelrojo.com\/independiente\/wp-json\/wp\/v2\/users\/1"}],"replies":[{"embeddable":true,"href":"https:\/\/www.locoxelrojo.com\/independiente\/wp-json\/wp\/v2\/comments?post=65499"}],"version-history":[{"count":0,"href":"https:\/\/www.locoxelrojo.com\/independiente\/wp-json\/wp\/v2\/posts\/65499\/revisions"}],"wp:featuredmedia":[{"embeddable":true,"href":"https:\/\/www.locoxelrojo.com\/independiente\/wp-json\/wp\/v2\/media\/65500"}],"wp:attachment":[{"href":"https:\/\/www.locoxelrojo.com\/independiente\/wp-json\/wp\/v2\/media?parent=65499"}],"wp:term":[{"taxonomy":"category","embeddable":true,"href":"https:\/\/www.locoxelrojo.com\/independiente\/wp-json\/wp\/v2\/categories?post=65499"},{"taxonomy":"post_tag","embeddable":true,"href":"https:\/\/www.locoxelrojo.com\/independiente\/wp-json\/wp\/v2\/tags?post=65499"}],"curies":[{"name":"wp","href":"https:\/\/api.w.org\/{rel}","templated":true}]}}