{"id":65502,"date":"2016-06-30T14:37:57","date_gmt":"2016-06-30T17:37:57","guid":{"rendered":"http:\/\/www.locoxelrojo.com\/independiente\/?p=65502"},"modified":"2016-06-30T14:37:57","modified_gmt":"2016-06-30T17:37:57","slug":"trabaja-en-lujan-todavia-con-el-droopy","status":"publish","type":"post","link":"https:\/\/www.locoxelrojo.com\/independiente\/2016\/06\/30\/trabaja-en-lujan-todavia-con-el-droopy\/","title":{"rendered":"Trabaja en Luj\u00e1n todav\u00eda con el Droopy"},"content":{"rendered":"<p>El plantel de Independiente tuvo su segundo d\u00eda de trabajo de pretemporada en Luj\u00e1n. <strong>Rodrigo G\u00f3mez, <a href=\"https:\/\/www.locoxelrojo.com\/independiente\/2016\/06\/29\/droopy-gomez-al-toluca\/\">quien ya tiene acordado su pase al Toluca de M\u00e9xico<\/a>, todav\u00eda contin\u00faa entren\u00e1ndose con el plantel de Gabriel Milito. <\/strong><\/p>\n<p>Este jueves por la ma\u00f1ana en el Country Las Praderas Independiente tuvo su segundo d\u00eda de trabajo en la ciudad de Luj\u00e1n. <strong>Luego de una entrada en calor, Milito aprovech\u00f3 para realizar ejercicios con pelota y definici\u00f3n.<\/strong> Los dirigentes Pablo Moyano, H\u00e9ctor Maldonado y Carlos Monta\u00f1a estuvieron observando la pr\u00e1ctica.<\/p>\n<p><strong>Si bien el pase del Droopy al Toluca esta acordado, en las \u00faltimas horas surgieron inconvenientes con los porcentajes entre Independiente y Argentinos Juniors, por eso el volante todav\u00eda se entrena con sus compa\u00f1eros, en las pr\u00f3ximas horas se destrabar\u00e1 la situaci\u00f3n y viajar\u00e1 a M\u00e9xico en las pr\u00f3ximas horas.<\/strong><\/p>\n<p><strong>Para este s\u00e1bado est\u00e1 programado un amistoso con Independiente de Chivilcoy.<\/strong><\/p>\n","protected":false},"excerpt":{"rendered":"<p>El plantel de Independiente tuvo su segundo d\u00eda de trabajo de pretemporada en Luj\u00e1n. Rodrigo G\u00f3mez, quien ya tiene acordado su pase al Toluca de M\u00e9xico, todav\u00eda contin\u00faa entren\u00e1ndose con el plantel de Gabriel Milito. Este jueves por la ma\u00f1ana en el Country Las Praderas Independiente tuvo su segundo d\u00eda de trabajo en la ciudad [&hellip;]<\/p>\n","protected":false},"author":1,"featured_media":65503,"comment_status":"open","ping_status":"closed","sticky":false,"template":"","format":"standard","meta":{"_links_to":"","_links_to_target":""},"categories":[3,1],"tags":[42,2972,3120,2747],"_links":{"self":[{"href":"https:\/\/www.locoxelrojo.com\/independiente\/wp-json\/wp\/v2\/posts\/65502"}],"collection":[{"href":"https:\/\/www.locoxelrojo.com\/independiente\/wp-json\/wp\/v2\/posts"}],"about":[{"href":"https:\/\/www.locoxelrojo.com\/independiente\/wp-json\/wp\/v2\/types\/post"}],"author":[{"embeddable":true,"href":"https:\/\/www.locoxelrojo.com\/independiente\/wp-json\/wp\/v2\/users\/1"}],"replies":[{"embeddable":true,"href":"https:\/\/www.locoxelrojo.com\/independiente\/wp-json\/wp\/v2\/comments?post=65502"}],"version-history":[{"count":0,"href":"https:\/\/www.locoxelrojo.com\/independiente\/wp-json\/wp\/v2\/posts\/65502\/revisions"}],"wp:featuredmedia":[{"embeddable":true,"href":"https:\/\/www.locoxelrojo.com\/independiente\/wp-json\/wp\/v2\/media\/65503"}],"wp:attachment":[{"href":"https:\/\/www.locoxelrojo.com\/independiente\/wp-json\/wp\/v2\/media?parent=65502"}],"wp:term":[{"taxonomy":"category","embeddable":true,"href":"https:\/\/www.locoxelrojo.com\/independiente\/wp-json\/wp\/v2\/categories?post=65502"},{"taxonomy":"post_tag","embeddable":true,"href":"https:\/\/www.locoxelrojo.com\/independiente\/wp-json\/wp\/v2\/tags?post=65502"}],"curies":[{"name":"wp","href":"https:\/\/api.w.org\/{rel}","templated":true}]}}