{"id":65546,"date":"2016-07-02T15:34:15","date_gmt":"2016-07-02T18:34:15","guid":{"rendered":"http:\/\/www.locoxelrojo.com\/independiente\/?p=65546"},"modified":"2016-07-02T15:34:15","modified_gmt":"2016-07-02T18:34:15","slug":"cuesta-voy-a-quedarme-un-ano-mas","status":"publish","type":"post","link":"https:\/\/www.locoxelrojo.com\/independiente\/2016\/07\/02\/cuesta-voy-a-quedarme-un-ano-mas\/","title":{"rendered":"Cuesta: &#8220;Voy a quedarme un a\u00f1o m\u00e1s&#8221;"},"content":{"rendered":"<p><strong>V\u00edctor Cuesta cont\u00f3 que este lunes se sumar\u00e1 a la pretemporada con Independiente en Luj\u00e1n y adelant\u00f3 que se quedar\u00e1 un a\u00f1o m\u00e1s en el club.<\/strong><\/p>\n<p><strong>\u201cTodav\u00eda no se termin\u00f3 de resolver lo de mi contrato. Cre\u00eda que era el momento para dar un salto en mi carrera, pero le dije a Gaby Milito que no ten\u00eda problemas en quedarme&#8221;<\/strong>, expres\u00f3 el defensor en di\u00e1logo con Radio La Red. <strong>\u201cVoy a quedarme un a\u00f1o m\u00e1s. El club me gusta mucho, estoy c\u00f3modo y tengo ganas de conseguir algo\u201d<\/strong>, agreg\u00f3.<\/p>\n<p><strong>\u201cNunca dud\u00e9 de mis condiciones. Encontr\u00e9 regularidad en Hurac\u00e1n y eso me sirvi\u00f3 para llegar a Independiente. Y al llegar ac\u00e1, la confianza que me dio Jorge Almir\u00f3n me sirvi\u00f3 para terminar de afianzarme\u201d<\/strong>, manifest\u00f3 en relaci\u00f3n a su rendimiento personal que lo llev\u00f3 a estar en consideraci\u00f3n de Gerardo Martino para vestir la camiseta de la Selecci\u00f3n.<\/p>\n<p><strong>Durante su estad\u00eda en Estados Unidos mientras disputaba la Copa Am\u00e9rica, su representante Christian Bragarnik se junt\u00f3 con los dirigentes de Independiente y acordaron una actualizaci\u00f3n en el salario que figura en su contrato.<\/strong> Eso y su deseo de continuar en el club para conseguir alg\u00fan t\u00edtulo ayud\u00f3 a que Milito pueda estar tranquilo que podr\u00e1 contar con el central esta temporada.<\/p>\n<p>\u201c<strong>Est\u00e1bamos muy metidos, ten\u00edamos mucha confianza y no se nos dio en los penales. Fue una tristeza enorme. Me toc\u00f3 pegar buena onda con Lio Messi, compartir charlas. Y verlo como estaba al terminar el partido me parti\u00f3 al medio. Era el que m\u00e1s se merec\u00eda el t\u00edtulo&#8221;<\/strong>, finaliz\u00f3 en cuanto a la dura derrota con Chile en la Copa Am\u00e9rica.<\/p>\n","protected":false},"excerpt":{"rendered":"<p>V\u00edctor Cuesta cont\u00f3 que este lunes se sumar\u00e1 a la pretemporada con Independiente en Luj\u00e1n y adelant\u00f3 que se quedar\u00e1 un a\u00f1o m\u00e1s en el club. \u201cTodav\u00eda no se termin\u00f3 de resolver lo de mi contrato. Cre\u00eda que era el momento para dar un salto en mi carrera, pero le dije a Gaby Milito que [&hellip;]<\/p>\n","protected":false},"author":1,"featured_media":65547,"comment_status":"open","ping_status":"closed","sticky":false,"template":"","format":"standard","meta":{"_links_to":"","_links_to_target":""},"categories":[3,1],"tags":[2754],"_links":{"self":[{"href":"https:\/\/www.locoxelrojo.com\/independiente\/wp-json\/wp\/v2\/posts\/65546"}],"collection":[{"href":"https:\/\/www.locoxelrojo.com\/independiente\/wp-json\/wp\/v2\/posts"}],"about":[{"href":"https:\/\/www.locoxelrojo.com\/independiente\/wp-json\/wp\/v2\/types\/post"}],"author":[{"embeddable":true,"href":"https:\/\/www.locoxelrojo.com\/independiente\/wp-json\/wp\/v2\/users\/1"}],"replies":[{"embeddable":true,"href":"https:\/\/www.locoxelrojo.com\/independiente\/wp-json\/wp\/v2\/comments?post=65546"}],"version-history":[{"count":0,"href":"https:\/\/www.locoxelrojo.com\/independiente\/wp-json\/wp\/v2\/posts\/65546\/revisions"}],"wp:featuredmedia":[{"embeddable":true,"href":"https:\/\/www.locoxelrojo.com\/independiente\/wp-json\/wp\/v2\/media\/65547"}],"wp:attachment":[{"href":"https:\/\/www.locoxelrojo.com\/independiente\/wp-json\/wp\/v2\/media?parent=65546"}],"wp:term":[{"taxonomy":"category","embeddable":true,"href":"https:\/\/www.locoxelrojo.com\/independiente\/wp-json\/wp\/v2\/categories?post=65546"},{"taxonomy":"post_tag","embeddable":true,"href":"https:\/\/www.locoxelrojo.com\/independiente\/wp-json\/wp\/v2\/tags?post=65546"}],"curies":[{"name":"wp","href":"https:\/\/api.w.org\/{rel}","templated":true}]}}