{"id":65599,"date":"2016-07-06T10:28:02","date_gmt":"2016-07-06T13:28:02","guid":{"rendered":"http:\/\/www.locoxelrojo.com\/independiente\/?p=65599"},"modified":"2016-07-06T14:33:08","modified_gmt":"2016-07-06T17:33:08","slug":"p-moyano-la-semana-que-viene-sanchez-mino-puede-estar-entrenando","status":"publish","type":"post","link":"https:\/\/www.locoxelrojo.com\/independiente\/2016\/07\/06\/p-moyano-la-semana-que-viene-sanchez-mino-puede-estar-entrenando\/","title":{"rendered":"P. Moyano: &#8220;La semana que viene S\u00e1nchez Mi\u00f1o puede estar entrenando&#8221;"},"content":{"rendered":"<p><strong>Pablo Moyano<\/strong> habl\u00f3 anoche y cont\u00f3 c\u00f3mo van las negociaciones para traer los jugadores apuntados en este mercado de pases, se refiri\u00f3 a\u00a0las posibles bajas, la Selecci\u00f3n y la AFA.<\/p>\n<p><strong>&#8220;Se avanz\u00f3 con S\u00e1nchez Mi\u00f1o, la semana que viene puede estar entrenando\u00a0con el plantel&#8221;<\/strong>, adelant\u00f3 el Presidente del F\u00fatbol Amateur en di\u00e1logo con Siempre Independiente sobre el posible refuerzo para Gabriel Milito. Adem\u00e1s, cont\u00f3:\u00a0<strong>&#8220;Se hizo una oferta por And\u00fajar y\u00a0<\/strong><strong>esperan que contesten.\u00a0<\/strong><strong>Adem\u00e1s hay dos o tres conversaciones m\u00e1s. Ayer me reun\u00ed por Botta, pidieron una cifra elevada o pr\u00e9stamos. Vamos a hablar con Milito&#8221;<\/strong>.<\/p>\n<p>De igual manera, afirm\u00f3 que <strong>&#8220;el mejor refuerzo es no desarmar el plantel&#8221;<\/strong>. <strong>&#8220;No va haber problemas con Olimpo por Figal. Se va a hacer una oferta. Si llegamos a firmar las dos contrataciones de Italia, tendr\u00edamos cubiertas todas las l\u00edneas&#8221;<\/strong>, analiz\u00f3. Y luego, a\u00f1adi\u00f3:\u00a0<strong>&#8220;Se est\u00e1 conformando un gran plantel, esperamos que Gaby pueda darnos una alegr\u00eda&#8221;<\/strong>. Y sobre las posibles desvinculaciones, dijo: <strong>&#8220;Puede venir una oferta de Espa\u00f1a por Aquino. Se analizar\u00e1&#8221;<\/strong>.<\/p>\n<p>Por otro ladro, explic\u00f3 por qu\u00e9 Independiente no ceder\u00e1 jugadores para los Juegos Ol\u00edmpicos.\u00a0<strong>&#8220;Nos pidieron 3 titulares para la Selecci\u00f3n. Si los clubes grandes los prestan, seguramente se prestar\u00e1 pero no es justo&#8221;<\/strong>, opin\u00f3.<\/p>\n<p>Por \u00faltimo, al ser consultado por la actualidad de la casa madre del f\u00fatbol argentino y sus posibles repercusiones en el club, asegur\u00f3: <strong>&#8220;No va haber intervenci\u00f3n. No vamos a tener problemas para participar en torneos internacionales&#8221;. <\/strong>En la misma l\u00ednea, comento que es<strong> &#8220;mejor que las elecciones de AFA sean el a\u00f1o que viene&#8221; <\/strong>ya que el club podr\u00e1<strong> &#8220;tener a Hugo (Moyano) un a\u00f1o m\u00e1s para resolver problemas&#8221;.<\/strong><\/p>\n","protected":false},"excerpt":{"rendered":"<p>Pablo Moyano habl\u00f3 anoche y cont\u00f3 c\u00f3mo van las negociaciones para traer los jugadores apuntados en este mercado de pases, se refiri\u00f3 a\u00a0las posibles bajas, la Selecci\u00f3n y la AFA. &#8220;Se avanz\u00f3 con S\u00e1nchez Mi\u00f1o, la semana que viene puede estar entrenando\u00a0con el plantel&#8221;, adelant\u00f3 el Presidente del F\u00fatbol Amateur en di\u00e1logo con Siempre Independiente [&hellip;]<\/p>\n","protected":false},"author":16,"featured_media":65048,"comment_status":"open","ping_status":"closed","sticky":false,"template":"","format":"standard","meta":{"_links_to":"","_links_to_target":""},"categories":[3,1],"tags":[439],"_links":{"self":[{"href":"https:\/\/www.locoxelrojo.com\/independiente\/wp-json\/wp\/v2\/posts\/65599"}],"collection":[{"href":"https:\/\/www.locoxelrojo.com\/independiente\/wp-json\/wp\/v2\/posts"}],"about":[{"href":"https:\/\/www.locoxelrojo.com\/independiente\/wp-json\/wp\/v2\/types\/post"}],"author":[{"embeddable":true,"href":"https:\/\/www.locoxelrojo.com\/independiente\/wp-json\/wp\/v2\/users\/16"}],"replies":[{"embeddable":true,"href":"https:\/\/www.locoxelrojo.com\/independiente\/wp-json\/wp\/v2\/comments?post=65599"}],"version-history":[{"count":0,"href":"https:\/\/www.locoxelrojo.com\/independiente\/wp-json\/wp\/v2\/posts\/65599\/revisions"}],"wp:featuredmedia":[{"embeddable":true,"href":"https:\/\/www.locoxelrojo.com\/independiente\/wp-json\/wp\/v2\/media\/65048"}],"wp:attachment":[{"href":"https:\/\/www.locoxelrojo.com\/independiente\/wp-json\/wp\/v2\/media?parent=65599"}],"wp:term":[{"taxonomy":"category","embeddable":true,"href":"https:\/\/www.locoxelrojo.com\/independiente\/wp-json\/wp\/v2\/categories?post=65599"},{"taxonomy":"post_tag","embeddable":true,"href":"https:\/\/www.locoxelrojo.com\/independiente\/wp-json\/wp\/v2\/tags?post=65599"}],"curies":[{"name":"wp","href":"https:\/\/api.w.org\/{rel}","templated":true}]}}