{"id":65660,"date":"2016-07-09T15:00:05","date_gmt":"2016-07-09T18:00:05","guid":{"rendered":"http:\/\/www.locoxelrojo.com\/independiente\/?p=65660"},"modified":"2016-07-10T17:53:27","modified_gmt":"2016-07-10T20:53:27","slug":"un-mes-sin-vera","status":"publish","type":"post","link":"https:\/\/www.locoxelrojo.com\/independiente\/2016\/07\/09\/un-mes-sin-vera\/","title":{"rendered":"Un mes sin Vera"},"content":{"rendered":"<p><strong>Diego Vera jug\u00f3 el segundo amistoso ante Flandria y no pudo completar el partido por un golpe en las costillas. M\u00e1s tarde se confirm\u00f3 que sufri\u00f3 una fractura que lo dejar\u00e1 un mes sin jugar.<\/strong><\/p>\n<p>El delantero\u00a0integr\u00f3 el\u00a0equipo de suplentes que vencieron 3-0 a Flandria en el estadio Libertadores de Am\u00e9rica. Poco despu\u00e9s de\u00a0anotar el 2-0, <strong>debi\u00f3 dejar la cancha por un fuerte dolor en sus costillas y fue reemplazado por Nicol\u00e1s Tagliafico<\/strong>.<\/p>\n<p>Al t\u00e9rmino de la jornada de amistosos, el cuerpo m\u00e9dico confirm\u00f3 que <strong>Viruta sufri\u00f3 la fractura de la parrilla costar izquierda,\u00a0que le demandar\u00e1 al menos 30 d\u00edas de recuperaci\u00f3n<\/strong>. Una baja sensible para Gabriel Milito, aunque <strong>posiblemente pueda estar en condiciones para el inicio del torneo local<\/strong>, que comenzar\u00eda a mediados de agosto.<\/p>\n","protected":false},"excerpt":{"rendered":"<p>Diego Vera jug\u00f3 el segundo amistoso ante Flandria y no pudo completar el partido por un golpe en las costillas. M\u00e1s tarde se confirm\u00f3 que sufri\u00f3 una fractura que lo dejar\u00e1 un mes sin jugar. El delantero\u00a0integr\u00f3 el\u00a0equipo de suplentes que vencieron 3-0 a Flandria en el estadio Libertadores de Am\u00e9rica. Poco despu\u00e9s de\u00a0anotar el [&hellip;]<\/p>\n","protected":false},"author":8,"featured_media":65667,"comment_status":"open","ping_status":"closed","sticky":false,"template":"","format":"standard","meta":{"_links_to":"","_links_to_target":""},"categories":[3,1],"tags":[2791],"_links":{"self":[{"href":"https:\/\/www.locoxelrojo.com\/independiente\/wp-json\/wp\/v2\/posts\/65660"}],"collection":[{"href":"https:\/\/www.locoxelrojo.com\/independiente\/wp-json\/wp\/v2\/posts"}],"about":[{"href":"https:\/\/www.locoxelrojo.com\/independiente\/wp-json\/wp\/v2\/types\/post"}],"author":[{"embeddable":true,"href":"https:\/\/www.locoxelrojo.com\/independiente\/wp-json\/wp\/v2\/users\/8"}],"replies":[{"embeddable":true,"href":"https:\/\/www.locoxelrojo.com\/independiente\/wp-json\/wp\/v2\/comments?post=65660"}],"version-history":[{"count":0,"href":"https:\/\/www.locoxelrojo.com\/independiente\/wp-json\/wp\/v2\/posts\/65660\/revisions"}],"wp:featuredmedia":[{"embeddable":true,"href":"https:\/\/www.locoxelrojo.com\/independiente\/wp-json\/wp\/v2\/media\/65667"}],"wp:attachment":[{"href":"https:\/\/www.locoxelrojo.com\/independiente\/wp-json\/wp\/v2\/media?parent=65660"}],"wp:term":[{"taxonomy":"category","embeddable":true,"href":"https:\/\/www.locoxelrojo.com\/independiente\/wp-json\/wp\/v2\/categories?post=65660"},{"taxonomy":"post_tag","embeddable":true,"href":"https:\/\/www.locoxelrojo.com\/independiente\/wp-json\/wp\/v2\/tags?post=65660"}],"curies":[{"name":"wp","href":"https:\/\/api.w.org\/{rel}","templated":true}]}}