{"id":65744,"date":"2016-07-12T15:48:54","date_gmt":"2016-07-12T18:48:54","guid":{"rendered":"http:\/\/www.locoxelrojo.com\/independiente\/?p=65744"},"modified":"2016-07-12T17:44:16","modified_gmt":"2016-07-12T20:44:16","slug":"aquino-volvio-a-entrenarse","status":"publish","type":"post","link":"https:\/\/www.locoxelrojo.com\/independiente\/2016\/07\/12\/aquino-volvio-a-entrenarse\/","title":{"rendered":"Aquino volvi\u00f3 a entrenarse"},"content":{"rendered":"<p>El plantel de Independiente retom\u00f3 sus actividades\u00a0esta ma\u00f1ana en Villa Dom\u00ednico con una buena noticia: <strong>Claudio Aquino volvi\u00f3 a entrenarse<\/strong> a la par de sus compa\u00f1eros luego de casi dos semanas. Por otra parte, <strong>Leandro Fern\u00e1ndez contin\u00faa con un\u00a0dolor\u00a0en su tobillo y es duda para el amistoso de ma\u00f1ana frente a\u00a0Villa D\u00e1lmine.<\/strong><\/p>\n<p><strong>La ma\u00f1ana comenz\u00f3 con ejercicios en el gimnasio, seguido por\u00a0la visualizaci\u00f3n de videos.<\/strong> Luego, los jugadores realizaron actividades de campo: <strong>movimientos f\u00edsicos y f\u00fatbol reducido\u00a0con miras al\u00a0amistoso de ma\u00f1ana ante Villa D\u00e1lmine, en el Estadio Libertadores de Am\u00e9rica.<\/strong><\/p>\n<p><strong>Aquino, recuperado de su distensi\u00f3n en el b\u00edceps femoral de su pierna izquierda, y\u00a0Fern\u00e1ndez, quien a\u00fan contin\u00faa con dolor en su tobillo, <\/strong>se entrenaron a la par de sus compa\u00f1eros. Mientras que <strong>Cristian Rodr\u00edguez, Diego Vera y Fabricio Bustos son los \u00fanicos del plantel que se mueven de manera diferenciada<\/strong>.<\/p>\n<p>Por otra parte, <strong>Ezequiel Barco, jugador de la sexta divisi\u00f3n, se entren\u00f3 esta ma\u00f1ana por primera vez con el grupo y convenci\u00f3 tanto a Gabriel Milito como a su cuerpo t\u00e9cnico.<\/strong> En los pr\u00f3ximos d\u00edas, el Mariscal podr\u00eda sumarlo con el resto del plantel.<\/p>\n","protected":false},"excerpt":{"rendered":"<p>El plantel de Independiente retom\u00f3 sus actividades\u00a0esta ma\u00f1ana en Villa Dom\u00ednico con una buena noticia: Claudio Aquino volvi\u00f3 a entrenarse a la par de sus compa\u00f1eros luego de casi dos semanas. Por otra parte, Leandro Fern\u00e1ndez contin\u00faa con un\u00a0dolor\u00a0en su tobillo y es duda para el amistoso de ma\u00f1ana frente a\u00a0Villa D\u00e1lmine. La ma\u00f1ana comenz\u00f3 [&hellip;]<\/p>\n","protected":false},"author":19,"featured_media":65746,"comment_status":"open","ping_status":"closed","sticky":false,"template":"","format":"standard","meta":{"_links_to":"","_links_to_target":""},"categories":[3,1],"tags":[2880,3214,2791,3215,1027,2921,3120],"_links":{"self":[{"href":"https:\/\/www.locoxelrojo.com\/independiente\/wp-json\/wp\/v2\/posts\/65744"}],"collection":[{"href":"https:\/\/www.locoxelrojo.com\/independiente\/wp-json\/wp\/v2\/posts"}],"about":[{"href":"https:\/\/www.locoxelrojo.com\/independiente\/wp-json\/wp\/v2\/types\/post"}],"author":[{"embeddable":true,"href":"https:\/\/www.locoxelrojo.com\/independiente\/wp-json\/wp\/v2\/users\/19"}],"replies":[{"embeddable":true,"href":"https:\/\/www.locoxelrojo.com\/independiente\/wp-json\/wp\/v2\/comments?post=65744"}],"version-history":[{"count":0,"href":"https:\/\/www.locoxelrojo.com\/independiente\/wp-json\/wp\/v2\/posts\/65744\/revisions"}],"wp:featuredmedia":[{"embeddable":true,"href":"https:\/\/www.locoxelrojo.com\/independiente\/wp-json\/wp\/v2\/media\/65746"}],"wp:attachment":[{"href":"https:\/\/www.locoxelrojo.com\/independiente\/wp-json\/wp\/v2\/media?parent=65744"}],"wp:term":[{"taxonomy":"category","embeddable":true,"href":"https:\/\/www.locoxelrojo.com\/independiente\/wp-json\/wp\/v2\/categories?post=65744"},{"taxonomy":"post_tag","embeddable":true,"href":"https:\/\/www.locoxelrojo.com\/independiente\/wp-json\/wp\/v2\/tags?post=65744"}],"curies":[{"name":"wp","href":"https:\/\/api.w.org\/{rel}","templated":true}]}}