{"id":65784,"date":"2016-07-13T21:45:47","date_gmt":"2016-07-14T00:45:47","guid":{"rendered":"http:\/\/www.locoxelrojo.com\/independiente\/?p=65784"},"modified":"2016-07-13T22:29:30","modified_gmt":"2016-07-14T01:29:30","slug":"acuerdo-de-palabra-por-sanchez-mino","status":"publish","type":"post","link":"https:\/\/www.locoxelrojo.com\/independiente\/2016\/07\/13\/acuerdo-de-palabra-por-sanchez-mino\/","title":{"rendered":"Acuerdo de palabra por S\u00e1nchez Mi\u00f1o"},"content":{"rendered":"<p><strong>Independiente lleg\u00f3 a un acuerdo de palabra por la compra del pase de Juan S\u00e1nchez Mi\u00f1o\u00a0y se\u00a0espera que firme su contrato antes del lunes.<\/strong><\/p>\n<p>El Torino, due\u00f1o de la ficha del volante, hab\u00eda dado el visto bueno a la oferta del Rojo en los \u00faltimos d\u00edas. Ante la impaciencia de Gabriel Milito por la falta de refuerzos, <strong>desde Avellaneda dieron un ultim\u00e1tum\u00a0para que el jugador y su representante dieran una respuesta definitiva<\/strong>. Fue as\u00ed como, despu\u00e9s de varias idas y vueltas, este mi\u00e9rcoles\u00a0<strong>se lleg\u00f3 a un arreglo de palabra para contratarlo\u00a0<\/strong>como segundo refuerzo.<\/p>\n<p>Independiente\u00a0comprar\u00e1\u00a0el<strong> 100% del pase de S\u00e1nchez Mi\u00f1o en 1.400.000 d\u00f3lares, a pagar en 24 cuotas<\/strong>. De no mediar imprevistos, el volante <strong>estar\u00e1 firmando su contrato por cuatro a\u00f1os\u00a0en el transcurso de esta semana<\/strong>.<\/p>\n<p>La idea es\u00a0que el ex Boca rescinda su v\u00ednculo con el Cruzeiro de Brasil este viernes y que viaje de inmediato a la Argentina para\u00a0estampar la firma en\u00a0el Rojo. De esta manera, <strong>el lunes podr\u00eda estar bajo las \u00f3rdenes del Mariscal en Villa Dom\u00ednico<\/strong>.<\/p>\n","protected":false},"excerpt":{"rendered":"<p>Independiente lleg\u00f3 a un acuerdo de palabra por la compra del pase de Juan S\u00e1nchez Mi\u00f1o\u00a0y se\u00a0espera que firme su contrato antes del lunes. El Torino, due\u00f1o de la ficha del volante, hab\u00eda dado el visto bueno a la oferta del Rojo en los \u00faltimos d\u00edas. Ante la impaciencia de Gabriel Milito por la falta [&hellip;]<\/p>\n","protected":false},"author":8,"featured_media":65325,"comment_status":"open","ping_status":"closed","sticky":false,"template":"","format":"standard","meta":{"_links_to":"","_links_to_target":""},"categories":[3,1],"tags":[3190,421],"_links":{"self":[{"href":"https:\/\/www.locoxelrojo.com\/independiente\/wp-json\/wp\/v2\/posts\/65784"}],"collection":[{"href":"https:\/\/www.locoxelrojo.com\/independiente\/wp-json\/wp\/v2\/posts"}],"about":[{"href":"https:\/\/www.locoxelrojo.com\/independiente\/wp-json\/wp\/v2\/types\/post"}],"author":[{"embeddable":true,"href":"https:\/\/www.locoxelrojo.com\/independiente\/wp-json\/wp\/v2\/users\/8"}],"replies":[{"embeddable":true,"href":"https:\/\/www.locoxelrojo.com\/independiente\/wp-json\/wp\/v2\/comments?post=65784"}],"version-history":[{"count":0,"href":"https:\/\/www.locoxelrojo.com\/independiente\/wp-json\/wp\/v2\/posts\/65784\/revisions"}],"wp:featuredmedia":[{"embeddable":true,"href":"https:\/\/www.locoxelrojo.com\/independiente\/wp-json\/wp\/v2\/media\/65325"}],"wp:attachment":[{"href":"https:\/\/www.locoxelrojo.com\/independiente\/wp-json\/wp\/v2\/media?parent=65784"}],"wp:term":[{"taxonomy":"category","embeddable":true,"href":"https:\/\/www.locoxelrojo.com\/independiente\/wp-json\/wp\/v2\/categories?post=65784"},{"taxonomy":"post_tag","embeddable":true,"href":"https:\/\/www.locoxelrojo.com\/independiente\/wp-json\/wp\/v2\/tags?post=65784"}],"curies":[{"name":"wp","href":"https:\/\/api.w.org\/{rel}","templated":true}]}}